{"id":8584,"date":"2008-01-20T00:00:00","date_gmt":"2008-01-19T22:00:00","guid":{"rendered":"https:\/\/master.greenpeace.ch\/press-release-fr\/8584\/greenpeace-depose-une-opposition\/"},"modified":"2019-05-30T08:58:51","modified_gmt":"2019-05-30T06:58:51","slug":"greenpeace-depose-une-opposition","status":"publish","type":"post","link":"https:\/\/www.greenpeace.ch\/fr\/communique-de-presse\/8584\/greenpeace-depose-une-opposition\/","title":{"rendered":"Greenpeace d\u00e9pose une opposition"},"content":{"rendered":"<p><b>Greenpeace a d\u00e9pos\u00e9 une opposition au projet d\u2019extension du site de biotechnologie industrielle de Merck-Serono \u00e0 Corsier-sur-Vevey, afin de d\u00e9terminer les risques pour l\u2019environnement et les habitants de la r\u00e9gion que pr\u00e9sente r\u00e9ellement ce projet.<\/b><\/p>\n<div>\n<p class=\"bodytext\">L&rsquo;extension pr\u00e9vue du site de Fenil, qui doit \u00eatre adapt\u00e9 \u00e0 la production \u00e0 large \u00e9chelle de principes pharmaceutiques actifs \u00e0 partir de cultures d&rsquo;organismes g\u00e9n\u00e9tiquement modifi\u00e9s (OGM), implique notamment la construction d&rsquo;une importante station d&rsquo;\u00e9puration des eaux industrielles.<\/p>\n<p class=\"bodytext\">Invoquant le secret commercial, Merck-Serono a jusqu&rsquo;\u00e0 pr\u00e9sent refus\u00e9 de fournir la liste des organismes utilis\u00e9s et de d\u00e9tailler les processus d&rsquo;\u00e9puration des eaux industrielles. Dans un domaine aussi sensible que celui des biotechnologies un tel manque de transparence n&rsquo;est pas acceptable, ce d&rsquo;autant plus que les activit\u00e9s en question se d\u00e9roulent dans une r\u00e9gion \u00e0 forte densit\u00e9 de population.<\/p>\n<p>Greenpeace exige que les caract\u00e9ristiques des OGM utilis\u00e9s soient pr\u00e9cis\u00e9ment sp\u00e9cifi\u00e9es et que soient d\u00e9montr\u00e9s en d\u00e9tail les processus de traitement des eaux qui auront \u00e9t\u00e9 contamin\u00e9es par ces OGM avant leur rejet dans les eaux d&rsquo;alimentation.<\/p>\n<\/div>\n","protected":false},"excerpt":{"rendered":"<p>Greenpeace a d\u00e9pos\u00e9 une opposition au projet d\u2019extension du site de biotechnologie industrielle de Merck-Serono \u00e0 Corsier-sur-Vevey, afin de d\u00e9terminer les risques pour l\u2019environnement et les habitants de la r\u00e9gion&hellip;<\/p>\n","protected":false},"author":23,"featured_media":0,"comment_status":"closed","ping_status":"open","sticky":false,"template":"","format":"standard","meta":{"_acf_changed":false,"_planet4_optimize_post_is_variant":false,"_planet4_optimize_experiment_name":"","_planet4_optimize_variant_name":"","ep_exclude_from_search":false,"p4_og_title":"","p4_og_description":"","p4_og_image":"","p4_og_image_id":"","p4_seo_canonical_url":"","p4_campaign_name":"","p4_local_project":"","p4_basket_name":"","p4_department":"","footnotes":""},"categories":[22],"tags":[],"p4-page-type":[73],"gpch-article-type":[],"class_list":["post-8584","post","type-post","status-publish","format-standard","hentry","category-non-classifiee","p4-page-type-communique-de-presse"],"acf":[],"_links":{"self":[{"href":"https:\/\/www.greenpeace.ch\/fr\/wp-json\/wp\/v2\/posts\/8584","targetHints":{"allow":["GET"]}}],"collection":[{"href":"https:\/\/www.greenpeace.ch\/fr\/wp-json\/wp\/v2\/posts"}],"about":[{"href":"https:\/\/www.greenpeace.ch\/fr\/wp-json\/wp\/v2\/types\/post"}],"author":[{"embeddable":true,"href":"https:\/\/www.greenpeace.ch\/fr\/wp-json\/wp\/v2\/users\/23"}],"replies":[{"embeddable":true,"href":"https:\/\/www.greenpeace.ch\/fr\/wp-json\/wp\/v2\/comments?post=8584"}],"version-history":[{"count":0,"href":"https:\/\/www.greenpeace.ch\/fr\/wp-json\/wp\/v2\/posts\/8584\/revisions"}],"wp:attachment":[{"href":"https:\/\/www.greenpeace.ch\/fr\/wp-json\/wp\/v2\/media?parent=8584"}],"wp:term":[{"taxonomy":"category","embeddable":true,"href":"https:\/\/www.greenpeace.ch\/fr\/wp-json\/wp\/v2\/categories?post=8584"},{"taxonomy":"post_tag","embeddable":true,"href":"https:\/\/www.greenpeace.ch\/fr\/wp-json\/wp\/v2\/tags?post=8584"},{"taxonomy":"p4-page-type","embeddable":true,"href":"https:\/\/www.greenpeace.ch\/fr\/wp-json\/wp\/v2\/p4-page-type?post=8584"},{"taxonomy":"gpch-article-type","embeddable":true,"href":"https:\/\/www.greenpeace.ch\/fr\/wp-json\/wp\/v2\/gpch-article-type?post=8584"}],"curies":[{"name":"wp","href":"https:\/\/api.w.org\/{rel}","templated":true}]}}