{"id":8591,"date":"2007-12-05T00:00:00","date_gmt":"2007-12-04T22:00:00","guid":{"rendered":"https:\/\/master.greenpeace.ch\/press-release-fr\/8591\/lirlande-1er-pays-europeen-a-interdire-les-ampoules-a-incandescence\/"},"modified":"2019-05-30T08:59:04","modified_gmt":"2019-05-30T06:59:04","slug":"lirlande-1er-pays-europeen-a-interdire-les-ampoules-a-incandescence","status":"publish","type":"post","link":"https:\/\/www.greenpeace.ch\/fr\/communique-de-presse\/8591\/lirlande-1er-pays-europeen-a-interdire-les-ampoules-a-incandescence\/","title":{"rendered":"L&rsquo;Irlande, 1er pays europ\u00e9en \u00e0 interdire les ampoules \u00e0 incandescence."},"content":{"rendered":"<p><b>Le gouvernement irlandais a annonc\u00e9 aujourd&rsquo;hui l&rsquo;interdiction des ampoules \u00e0 incandescence d&rsquo;ici \u00e0 2009. Greenpeace f\u00e9licite l&rsquo;Irlande d&rsquo;\u00eatre le premier pays europ\u00e9en \u00e0 effectuer ce premier pas essentiel pour combattre les changements climatiques.<\/b><\/p>\n<div>\n<p class=\"bodytext\">\u00abAujourd&rsquo;hui l&rsquo;Irlande se positionne en leader<br \/>\nen interdisant les ampoules qui gaspillent de l&rsquo;\u00e9nergie d\u00e8s janvier<br \/>\n2009. Greenpeace esp\u00e8re que la d\u00e9cision irlandaise va ouvrir la<br \/>\nvoie vers une interdiction \u00e0 l&rsquo;\u00e9chelle de l&rsquo;Union europ\u00e9enne et du<br \/>\nreste du monde\u00bb a d\u00e9clar\u00e9 \u00e0 Dublin Eoin Dubsky, charg\u00e9 de campagne<br \/>\nclimat \u00e0 Greenpeace international.<\/p>\n<p>Cette ann\u00e9e, plusieurs pays europ\u00e9ens ont \u00e9voqu\u00e9 des<br \/>\ninterdictions de cet ordre, mais l&rsquo;Irlande est la premi\u00e8re \u00e0 agir.<br \/>\nLe gouvernement du Royaume-Uni a pr\u00e9f\u00e9r\u00e9 laiss\u00e9 cette<br \/>\nresponsabilit\u00e9 aux distributeurs, en n\u00e9gociant un accord volontaire<br \/>\npour qu&rsquo;ils s&rsquo;engagent \u00e0 retirer des rayons les ampoules \u00e0<br \/>\nincandescence d&rsquo;ici 2011.<\/p>\n<p class=\"bodytext\">La Ministre hollandaise de l&rsquo;environnement<br \/>\nJacqueline Cramer, une ancienne employ\u00e9e de Philips, s&rsquo;est d&rsquo;abord<br \/>\nprononc\u00e9e en faveur d&rsquo;une interdiction des ampoules \ufffd\ufffd<br \/>\nincandescence en 2011, avant de revenir sur ses positions. Elle<br \/>\nsoutient dor\u00e9navant l&rsquo;appel des producteurs pour une sortie<br \/>\nprolong\u00e9e jusqu&rsquo;\u00e0 2019.<\/p>\n<p>La Commission europ\u00e9enne travaille \u00e0 des standards \u00e9nerg\u00e9tiques<br \/>\npour les produits consommateurs d&rsquo;\u00e9nergie, comme les ampoules \u00e0<br \/>\nincandescence. Cependant, rien ne garantit que ces mesures seront<br \/>\ncontraignantes ou ambitieuses. Les producteurs d&rsquo;ampoules comme<br \/>\nPhilips, GE et Osram cherchent \u00e0 prolonger la vente des ampoules<br \/>\njusqu&rsquo;\u00e0 2019.<\/p>\n<\/div>\n","protected":false},"excerpt":{"rendered":"<p>Le gouvernement irlandais a annonc\u00e9 aujourd&#8217;hui l&#8217;interdiction des ampoules \u00e0 incandescence d&#8217;ici \u00e0 2009. Greenpeace f\u00e9licite l&#8217;Irlande d&#8217;\u00eatre le premier pays europ\u00e9en \u00e0 effectuer ce premier pas essentiel pour combattre&hellip;<\/p>\n","protected":false},"author":23,"featured_media":0,"comment_status":"closed","ping_status":"open","sticky":false,"template":"","format":"standard","meta":{"_acf_changed":false,"_planet4_optimize_post_is_variant":false,"_planet4_optimize_experiment_name":"","_planet4_optimize_variant_name":"","ep_exclude_from_search":false,"p4_og_title":"","p4_og_description":"","p4_og_image":"","p4_og_image_id":"","p4_seo_canonical_url":"","p4_campaign_name":"","p4_local_project":"","p4_basket_name":"","p4_department":"","footnotes":""},"categories":[22],"tags":[],"p4-page-type":[73],"gpch-article-type":[],"class_list":["post-8591","post","type-post","status-publish","format-standard","hentry","category-non-classifiee","p4-page-type-communique-de-presse"],"acf":[],"_links":{"self":[{"href":"https:\/\/www.greenpeace.ch\/fr\/wp-json\/wp\/v2\/posts\/8591","targetHints":{"allow":["GET"]}}],"collection":[{"href":"https:\/\/www.greenpeace.ch\/fr\/wp-json\/wp\/v2\/posts"}],"about":[{"href":"https:\/\/www.greenpeace.ch\/fr\/wp-json\/wp\/v2\/types\/post"}],"author":[{"embeddable":true,"href":"https:\/\/www.greenpeace.ch\/fr\/wp-json\/wp\/v2\/users\/23"}],"replies":[{"embeddable":true,"href":"https:\/\/www.greenpeace.ch\/fr\/wp-json\/wp\/v2\/comments?post=8591"}],"version-history":[{"count":0,"href":"https:\/\/www.greenpeace.ch\/fr\/wp-json\/wp\/v2\/posts\/8591\/revisions"}],"wp:attachment":[{"href":"https:\/\/www.greenpeace.ch\/fr\/wp-json\/wp\/v2\/media?parent=8591"}],"wp:term":[{"taxonomy":"category","embeddable":true,"href":"https:\/\/www.greenpeace.ch\/fr\/wp-json\/wp\/v2\/categories?post=8591"},{"taxonomy":"post_tag","embeddable":true,"href":"https:\/\/www.greenpeace.ch\/fr\/wp-json\/wp\/v2\/tags?post=8591"},{"taxonomy":"p4-page-type","embeddable":true,"href":"https:\/\/www.greenpeace.ch\/fr\/wp-json\/wp\/v2\/p4-page-type?post=8591"},{"taxonomy":"gpch-article-type","embeddable":true,"href":"https:\/\/www.greenpeace.ch\/fr\/wp-json\/wp\/v2\/gpch-article-type?post=8591"}],"curies":[{"name":"wp","href":"https:\/\/api.w.org\/{rel}","templated":true}]}}