{"id":8623,"date":"2007-07-17T00:00:00","date_gmt":"2007-07-16T22:00:00","guid":{"rendered":"https:\/\/master.greenpeace.ch\/press-release-fr\/8623\/la-nudite-contre-la-fonte-des-glaciers\/"},"modified":"2019-05-30T08:59:54","modified_gmt":"2019-05-30T06:59:54","slug":"la-nudite-contre-la-fonte-des-glaciers","status":"publish","type":"post","link":"https:\/\/www.greenpeace.ch\/fr\/communique-de-presse\/8623\/la-nudite-contre-la-fonte-des-glaciers\/","title":{"rendered":"La nudit\u00e9 contre la fonte des glaciers"},"content":{"rendered":"<p><b>Les 18 et 19 ao\u00fbt 2007, un glacier suisse attirera l\u2019attention du monde entier. Greenpeace et Spencer Tunick, photographe mondialement connu pour ses installations, cherchent un maximum de volontaires pr\u00eats \u00e0 se d\u00e9v\u00eatir pour symboliser la vuln\u00e9rabilit\u00e9 des glaciers et la fragilit\u00e9 du corps humain. Les changements climatiques exigent des d\u00e9cisions politiques rapides et courageuses. Les photos de glaciers prises par Tunick ont pour but d\u2019y contribuer.<\/b><\/p>\n<div>\n<p class=\"bodytext\">Le retrait des glaciers est un signe clair des<br \/>\nchangements que subit le climat de notre plan\u00e8te. Si le<br \/>\nr\u00e9chauffement climatique continue au rythme actuel, des champs de<br \/>\ncaillasse auront remplac\u00e9 la plupart des glaciers en 2080. Les<br \/>\nphotos que Spencer Tunick et Greenpeace pr\u00e9voient de r\u00e9aliser en<br \/>\nao\u00fbt sont destin\u00e9es \u00e0 \u00e9veiller et mobiliser la population et les<br \/>\npoliticiens. Le corps humain est aussi vuln\u00e9rable que les glaciers<br \/>\net que notre environnement. Des centaines de personnes s&rsquo;exposeront<br \/>\nnues au froid du glacier pour que les responsables r\u00e9agissent enfin<br \/>\net prot\u00e8gent imm\u00e9diatement le climat.<\/p>\n<p class=\"bodytext\">Toutes les personnes majeures peuvent<br \/>\nparticiper. Les inscriptions se font <a href=\"\/switzerland\/Templates\/Planet3\/Pages\/fr\/tunickglacier\/\" title=\"\u00d6ffnet einen internen Link im aktuellen Fenster\" target=\"_self\" class=\"internal-link\" rel=\"noopener noreferrer\">ici<\/a>.<\/p>\n<p class=\"bodytext\">\u00abIl faut agir sans tarder, sinon il sera trop<br \/>\ntard\u00bb, d\u00e9clare Markus Allemann, directeur des campagnes de<br \/>\nGreenpeace Suisse. Selon les derniers rapports du Groupe<br \/>\nintergouvernemental d&rsquo;experts sur les changements climatiques<br \/>\n(GIEC), il ne reste que huit ans pour prendre des mesures efficaces<br \/>\nde r\u00e9duction des \u00e9missions de gaz \u00e0 effet de serre (GES). Allemann<br \/>\ninsiste: \u00abLes faits, pourtant sans \u00e9quivoque, ne suffisent<br \/>\nmanifestement pas \u00e0 faire agir les d\u00e9cideurs. Il est temps de faire<br \/>\nparler les \u00e9motions\u00bb.<\/p>\n<p class=\"bodytext\">Spencer Tunick est un photographe am\u00e9ricain<br \/>\nconnu pour ses installations spectaculaires. Par ses photos, il<br \/>\nsouhaite contribuer \u00e0 une prise de conscience plan\u00e9taire sur la<br \/>\nr\u00e9alit\u00e9 des changements climatiques et faire en sorte que la<br \/>\npopulation les prenne au s\u00e9rieux et les mette en relation avec<br \/>\nelle-m\u00eame: \u00abMes photos doivent toucher leur spectateur. Il doit se<br \/>\nsentir concern\u00e9 dans son existence en tant qu&rsquo;individu\u00bb.<\/p>\n<p class=\"bodytext\">Greenpeace pr\u00e9pare une r\u00e9alisation respectueuse<br \/>\nde l&rsquo;environnement et attend de tous les participants, qui<br \/>\napprendront une semaine avant l&rsquo;\u00e9v\u00e9nement quel glacier sera honor\u00e9<br \/>\nde leur nudit\u00e9, qu&rsquo;ils utilisent les transports publics. Les 25 et<br \/>\n26 ao\u00fbt ont \u00e9t\u00e9 retenus comme date de remplacement en cas de<br \/>\nmauvais temps.<\/p>\n<\/div>\n","protected":false},"excerpt":{"rendered":"<p>Les 18 et 19 ao\u00fbt 2007, un glacier suisse attirera l\u2019attention du monde entier. Greenpeace et Spencer Tunick, photographe mondialement connu pour ses installations, cherchent un maximum de volontaires pr\u00eats&hellip;<\/p>\n","protected":false},"author":23,"featured_media":0,"comment_status":"closed","ping_status":"open","sticky":false,"template":"","format":"standard","meta":{"_acf_changed":false,"_planet4_optimize_post_is_variant":false,"_planet4_optimize_experiment_name":"","_planet4_optimize_variant_name":"","ep_exclude_from_search":false,"p4_og_title":"","p4_og_description":"","p4_og_image":"","p4_og_image_id":"","p4_seo_canonical_url":"","p4_campaign_name":"","p4_local_project":"","p4_basket_name":"","p4_department":"","footnotes":""},"categories":[22],"tags":[],"p4-page-type":[73],"gpch-article-type":[],"class_list":["post-8623","post","type-post","status-publish","format-standard","hentry","category-non-classifiee","p4-page-type-communique-de-presse"],"acf":[],"_links":{"self":[{"href":"https:\/\/www.greenpeace.ch\/fr\/wp-json\/wp\/v2\/posts\/8623","targetHints":{"allow":["GET"]}}],"collection":[{"href":"https:\/\/www.greenpeace.ch\/fr\/wp-json\/wp\/v2\/posts"}],"about":[{"href":"https:\/\/www.greenpeace.ch\/fr\/wp-json\/wp\/v2\/types\/post"}],"author":[{"embeddable":true,"href":"https:\/\/www.greenpeace.ch\/fr\/wp-json\/wp\/v2\/users\/23"}],"replies":[{"embeddable":true,"href":"https:\/\/www.greenpeace.ch\/fr\/wp-json\/wp\/v2\/comments?post=8623"}],"version-history":[{"count":0,"href":"https:\/\/www.greenpeace.ch\/fr\/wp-json\/wp\/v2\/posts\/8623\/revisions"}],"wp:attachment":[{"href":"https:\/\/www.greenpeace.ch\/fr\/wp-json\/wp\/v2\/media?parent=8623"}],"wp:term":[{"taxonomy":"category","embeddable":true,"href":"https:\/\/www.greenpeace.ch\/fr\/wp-json\/wp\/v2\/categories?post=8623"},{"taxonomy":"post_tag","embeddable":true,"href":"https:\/\/www.greenpeace.ch\/fr\/wp-json\/wp\/v2\/tags?post=8623"},{"taxonomy":"p4-page-type","embeddable":true,"href":"https:\/\/www.greenpeace.ch\/fr\/wp-json\/wp\/v2\/p4-page-type?post=8623"},{"taxonomy":"gpch-article-type","embeddable":true,"href":"https:\/\/www.greenpeace.ch\/fr\/wp-json\/wp\/v2\/gpch-article-type?post=8623"}],"curies":[{"name":"wp","href":"https:\/\/api.w.org\/{rel}","templated":true}]}}