{"id":8631,"date":"2007-06-28T00:00:00","date_gmt":"2007-06-27T22:00:00","guid":{"rendered":"https:\/\/master.greenpeace.ch\/press-release-fr\/8631\/le-centime-climatique-est-incapable-de-reduire-les-emissions-du-trafic-routier\/"},"modified":"2019-05-30T09:00:07","modified_gmt":"2019-05-30T07:00:07","slug":"le-centime-climatique-est-incapable-de-reduire-les-emissions-du-trafic-routier","status":"publish","type":"post","link":"https:\/\/www.greenpeace.ch\/fr\/communique-de-presse\/8631\/le-centime-climatique-est-incapable-de-reduire-les-emissions-du-trafic-routier\/","title":{"rendered":"Le \u2018centime climatique\u2019 est incapable de r\u00e9duire les \u00e9missions du trafic routier"},"content":{"rendered":"<p><b>Apr\u00e8s deux ans, il est clair que le centime climatique (CC) est incapable de r\u00e9duire les \u00e9missions, en augmentation, de gaz \u00e0 effet de serre (GES) du trafic routier. La \u2018Fondation centime climatique\u2019 pr\u00e9tend toutefois que son \u2018centime\u2019 a prouv\u00e9 son efficacit\u00e9 et permet d\u2019\u00e9conomiser plus de CO2 que prescrit par le Conseil f\u00e9d\u00e9ral. Mais le CC n\u2019\u00e9conomise de CO2 qu\u2019\u00e0 l\u2019\u00e9tranger par l\u2019achat de droits de polluer, alors que la Suisse br\u00fble de plus en plus d\u2019essence et de diesel. Cette subvention priv\u00e9e de 740 millions de francs ne fonctionne pas dans la dur\u00e9e; les sc\u00e9narios \u00e9nerg\u00e9tiques de la Conf\u00e9d\u00e9ration le confirment. Une taxe additionnelle sur le CO2 \u00e9mis par les carburants est indispensable.<\/b><\/p>\n<div>\n<p class=\"bodytext\">Apr\u00e8s deux ans, il est clair que le centime<br \/>\nclimatique (CC) est incapable de r\u00e9duire les \u00e9missions, en<br \/>\naugmentation, de gaz \u00e0 effet de serre (GES) du trafic routier. La<br \/>\n&lsquo;Fondation centime climatique&rsquo; pr\u00e9tend toutefois que son &lsquo;centime&rsquo;<br \/>\na prouv\u00e9 son efficacit\u00e9 et permet d&rsquo;\u00e9conomiser plus de CO2 que<br \/>\nprescrit par le Conseil f\u00e9d\u00e9ral. Mais le CC n&rsquo;\u00e9conomise de CO2 qu&rsquo;\u00e0<br \/>\nl&rsquo;\u00e9tranger par l&rsquo;achat de droits de polluer, alors que la Suisse<br \/>\nbr\u00fble de plus en plus d&rsquo;essence et de diesel. Cette subvention<br \/>\npriv\u00e9e de 740 millions de francs ne fonctionne pas dans la dur\u00e9e;<br \/>\nles sc\u00e9narios \u00e9nerg\u00e9tiques de la Conf\u00e9d\u00e9ration le confirment. Une<br \/>\ntaxe additionnelle sur le CO2 \u00e9mis par les carburants est<br \/>\nindispensable.<\/p>\n<p>Dans le plan commercial pr\u00e9sent\u00e9 aujourd&rsquo;hui, la Fondation<br \/>\ncentime climatique pr\u00e9tend que son centime climatique (CC) &#8211; une<br \/>\ninvention du secteur p\u00e9trolier et automobile &#8211; permet d&rsquo;\u00e9conomiser<br \/>\nplus de CO2 que requis. C&rsquo;est apparemment r\u00e9jouissant mais cela<br \/>\ncache que le CC est incapable de prot\u00e9ger efficacement le climat \u00e0<br \/>\nlong terme.<\/p>\n<p>&#8211; Le CC ne r\u00e9duit pas la consommation d&rsquo;essence et de diesel<br \/>\nparce qu&rsquo;il n&rsquo;incite pas \u00e0 am\u00e9liorer l&rsquo;efficacit\u00e9 des v\u00e9hicules. Le<br \/>\nCC ne fonctionne donc pas l\u00e0 o\u00f9 justement les \u00e9missions ne sont pas<br \/>\nma\u00eetris\u00e9es.<\/p>\n<p>&#8211; Le CC est un instrument fiscal et de subventionnement priv\u00e9<br \/>\ncritiquable d&rsquo;un point de vue politique et du droit des<br \/>\ncartels.<\/p>\n<p>&#8211; Le CC distribue 740 millions de bas vers le haut. L&rsquo;acheteur<br \/>\nde carburant subventionne les propri\u00e9taires immobiliers et<br \/>\nl&rsquo;\u00e9conomie.<\/p>\n<p>&#8211; L&rsquo;\u00e9conomie publique suisse paye trois fois l&rsquo;achat de<br \/>\ncertificats \u00e0 l&rsquo;\u00e9tranger: 1. lors de l&rsquo;achat des certificats 2. par<br \/>\nl&rsquo;importation effr\u00e9n\u00e9e de p\u00e9trole cher et 3. lorsqu&rsquo;apr\u00e8s 2012 il<br \/>\nfaudra tout de m\u00eame prendre les mesures de r\u00e9duction n\u00e9cessaires.<br \/>\nNous y gagnerons par contre en r\u00e9duisant les \u00e9missions en Suisse,<br \/>\nen augmentant notre efficacit\u00e9 \u00e9nerg\u00e9tique et en utilisant les<br \/>\nnouvelles \u00e9nergies renouvelables.<\/p>\n<p>&#8211; Le CC ne permet pas \u00e0 la Suisse d&rsquo;atteindre les objectifs de<br \/>\nprotection du climat \u00e0 long terme, comme l&rsquo;UE les a par exemple<br \/>\nd\u00e9finis (moins 30% de CO2 d&rsquo;ici 2020). C&rsquo;est ce que montrent les<br \/>\nnouvelles perspectives \u00e9nerg\u00e9tiques de l&rsquo;Office f\u00e9d\u00e9ral de<br \/>\nl&rsquo;\u00e9nergie (OFEN).<\/p>\n<p>&#8211; Le &lsquo;principe d&rsquo;additionnalit\u00e9&rsquo; n&rsquo;est en partie pas respect\u00e9<br \/>\npour des mesures prises en Suisse. Ce qui conduit \u00e0 subventionner<br \/>\ndes projets qui aurait aussi \u00e9t\u00e9 r\u00e9alis\u00e9s sans financement du<br \/>\nCC.<\/p>\n<p>L&rsquo;Alliance climatique appelle la Fondation centime climatique \u00e0<br \/>\ngarantir que les certificats de &lsquo;m\u00e9canismes de d\u00e9veloppement<br \/>\npropres&rsquo; (Clean Development Mecanisms, CDM) achet\u00e9s remplissent<br \/>\nobligatoirement les normes de qualit\u00e9 &lsquo;Gold&rsquo;. Ceci n&rsquo;est<br \/>\naujourd&rsquo;hui pas v\u00e9rifiable.<\/p>\n<p>L&rsquo;Alliance climatique exige que le Conseil f\u00e9d\u00e9ral pr\u00e9sente au<br \/>\nParlement cet automne une taxe sur le CO2 des carburants. C&rsquo;est la<br \/>\nseule mesure incitative efficace \u00e0 long terme qui permette<br \/>\nd&rsquo;assurer que la Suisse pourra atteindre les objectifs de<br \/>\nprotection du climat qu&rsquo;elle s&rsquo;est fix\u00e9e pour 2012.<\/p>\n<p>En Suisse, les carburants sont largement moins chers que chez<br \/>\nses voisins et, \u00e0 part la Su\u00e8de, la Suisse immatricule aussi les<br \/>\nnouveaux v\u00e9hicules les moins efficaces d&rsquo;Europe. Les habitants de<br \/>\nla Suisse font partie des 10 pires destructeurs du climat. Le<br \/>\ncentime climatique n&rsquo;y change rien et ne pourra jamais rien y<br \/>\nchanger.<\/p>\n<p class=\"bodytext\">\u00a0<\/p>\n<\/div>\n","protected":false},"excerpt":{"rendered":"<p>Apr\u00e8s deux ans, il est clair que le centime climatique (CC) est incapable de r\u00e9duire les \u00e9missions, en augmentation, de gaz \u00e0 effet de serre (GES) du trafic routier. La&hellip;<\/p>\n","protected":false},"author":23,"featured_media":0,"comment_status":"closed","ping_status":"open","sticky":false,"template":"","format":"standard","meta":{"_acf_changed":false,"_planet4_optimize_post_is_variant":false,"_planet4_optimize_experiment_name":"","_planet4_optimize_variant_name":"","ep_exclude_from_search":false,"p4_og_title":"","p4_og_description":"","p4_og_image":"","p4_og_image_id":"","p4_seo_canonical_url":"","p4_campaign_name":"","p4_local_project":"","p4_basket_name":"","p4_department":"","footnotes":""},"categories":[22],"tags":[],"p4-page-type":[73],"gpch-article-type":[],"class_list":["post-8631","post","type-post","status-publish","format-standard","hentry","category-non-classifiee","p4-page-type-communique-de-presse"],"acf":[],"_links":{"self":[{"href":"https:\/\/www.greenpeace.ch\/fr\/wp-json\/wp\/v2\/posts\/8631","targetHints":{"allow":["GET"]}}],"collection":[{"href":"https:\/\/www.greenpeace.ch\/fr\/wp-json\/wp\/v2\/posts"}],"about":[{"href":"https:\/\/www.greenpeace.ch\/fr\/wp-json\/wp\/v2\/types\/post"}],"author":[{"embeddable":true,"href":"https:\/\/www.greenpeace.ch\/fr\/wp-json\/wp\/v2\/users\/23"}],"replies":[{"embeddable":true,"href":"https:\/\/www.greenpeace.ch\/fr\/wp-json\/wp\/v2\/comments?post=8631"}],"version-history":[{"count":0,"href":"https:\/\/www.greenpeace.ch\/fr\/wp-json\/wp\/v2\/posts\/8631\/revisions"}],"wp:attachment":[{"href":"https:\/\/www.greenpeace.ch\/fr\/wp-json\/wp\/v2\/media?parent=8631"}],"wp:term":[{"taxonomy":"category","embeddable":true,"href":"https:\/\/www.greenpeace.ch\/fr\/wp-json\/wp\/v2\/categories?post=8631"},{"taxonomy":"post_tag","embeddable":true,"href":"https:\/\/www.greenpeace.ch\/fr\/wp-json\/wp\/v2\/tags?post=8631"},{"taxonomy":"p4-page-type","embeddable":true,"href":"https:\/\/www.greenpeace.ch\/fr\/wp-json\/wp\/v2\/p4-page-type?post=8631"},{"taxonomy":"gpch-article-type","embeddable":true,"href":"https:\/\/www.greenpeace.ch\/fr\/wp-json\/wp\/v2\/gpch-article-type?post=8631"}],"curies":[{"name":"wp","href":"https:\/\/api.w.org\/{rel}","templated":true}]}}