{"id":86556,"date":"2022-06-01T09:06:43","date_gmt":"2022-06-01T07:06:43","guid":{"rendered":"https:\/\/www.greenpeace.ch\/?p=86556"},"modified":"2022-07-18T15:43:18","modified_gmt":"2022-07-18T13:43:18","slug":"sondage-aliments-origine-animale","status":"publish","type":"post","link":"https:\/\/www.greenpeace.ch\/fr\/story-fr\/86556\/sondage-aliments-origine-animale\/","title":{"rendered":"Sondage\u00a0sur les aliments d\u2019origine animale: les Suisses en faveur de r\u00e9glementations"},"content":{"rendered":"\n<p><strong>A la suite de notre rapport sur la face cach\u00e9e des publicit\u00e9s pour les aliments d\u2019origine animale, nous avons souhait\u00e9 conna\u00eetre l\u2019avis du public. La consommation d\u2019aliments d\u2019origine animale semble \u00eatre un sujet toujours aussi clivant dans notre soci\u00e9t\u00e9. Pourtant, selon un sondage mandat\u00e9 par Greenpeace, plus de la moiti\u00e9 des Suisses (51%) estiment que les autorit\u00e9s publiques ne devraient pas financer de publicit\u00e9 visant \u00e0 promouvoir la consommation de viande, de produits laitiers et d\u2019\u0153ufs.<\/strong> <strong>Le soutien est plus marqu\u00e9 aupr\u00e8s des femmes et de la jeune g\u00e9n\u00e9ration. Au sein des personnes d\u00e9j\u00e0 conscientes de l&rsquo;impact n\u00e9gatif de la production animale industrielle sur notre plan\u00e8te, 80% d&rsquo;entre elles soutiennent une plus stricte r\u00e9glementation. Il est primordial de permettre \u00e0 l&rsquo;agriculture suisse de se transformer et de modifier notre syst\u00e8me alimentaire en votant oui \u00e0 l\u2019initiative contre l\u2019\u00e9levage intensif le 25 septembre prochain.&nbsp;<\/strong><\/p>\n\n<p>M\u00eame si plus de la moiti\u00e9 de la population se prononce contre le soutien de l&rsquo;industrie des produits d\u2019origine animale avec de l\u2019argent public, les effets n\u00e9fastes de cette production sur notre plan\u00e8te sont encore m\u00e9connus du grand public. Notre r\u00e9cent <a href=\"https:\/\/www.greenpeace.ch\/fr\/story-fr\/86167\/manipulation-publicitaire-conosmmation\/\">rapport<\/a> a montr\u00e9 que les publicit\u00e9s suisses vantent de mani\u00e8re trompeuse les avantages des produits d\u2019origine animale (par exemple, la vache Lovely qui \u0153uvre pr\u00e9tendument en faveur de la biodiversit\u00e9).&nbsp;<\/p>\n\n<p><strong>Les r\u00e9sultats de notre enqu\u00eate indiquent que ce type de publicit\u00e9 manipulatrice atteint son objectif et que le travail des lobbies fonctionne : trop peu de monde au sein de la population suisse a connaissance des dommages caus\u00e9s par la production animale industrielle \u00e0 notre plan\u00e8te. <\/strong>Il semble que ce soit pourtant la cl\u00e9&nbsp;pour une alimentation respectueuse de l\u2019environnement et des animaux&nbsp;: notre sondage montre que plus on est conscient de l\u2019impact n\u00e9gatif de l\u2019\u00e9levage industriel, plus on est dispos\u00e9 \u00e0 vouloir r\u00e9glementer sa promotion. Le soutien \u00e0 des r\u00e9glementations est \u00e9galement plus grand chez les personnes ayant un niveau d&rsquo;\u00e9ducation plus \u00e9lev\u00e9.<\/p>\n\n<figure class=\"wp-block-image size-large\"><img loading=\"lazy\" decoding=\"async\" width=\"1024\" height=\"681\" src=\"https:\/\/www.greenpeace.ch\/static\/planet4-switzerland-stateless\/2022\/05\/a8ab71b9-dsc08906.jpg_cmyk-1-1024x681.jpg\" alt=\"\" class=\"wp-image-86563\" srcset=\"https:\/\/www.greenpeace.ch\/static\/planet4-switzerland-stateless\/2022\/05\/a8ab71b9-dsc08906.jpg_cmyk-1-1024x681.jpg 1024w, https:\/\/www.greenpeace.ch\/static\/planet4-switzerland-stateless\/2022\/05\/a8ab71b9-dsc08906.jpg_cmyk-1-300x200.jpg 300w, https:\/\/www.greenpeace.ch\/static\/planet4-switzerland-stateless\/2022\/05\/a8ab71b9-dsc08906.jpg_cmyk-1-768x511.jpg 768w, https:\/\/www.greenpeace.ch\/static\/planet4-switzerland-stateless\/2022\/05\/a8ab71b9-dsc08906.jpg_cmyk-1-1536x1022.jpg 1536w, https:\/\/www.greenpeace.ch\/static\/planet4-switzerland-stateless\/2022\/05\/a8ab71b9-dsc08906.jpg_cmyk-1-2048x1363.jpg 2048w, https:\/\/www.greenpeace.ch\/static\/planet4-switzerland-stateless\/2022\/05\/a8ab71b9-dsc08906.jpg_cmyk-1-510x340.jpg 510w\" sizes=\"auto, (max-width: 1024px) 100vw, 1024px\" \/><\/figure>\n\n<p>En Suisse, c\u2019est au Tessin (68%), \u00e0 Zurich (64%) et dans l\u2019Arc l\u00e9manique (59%) que le lien entre le climat et la consommation de produits d\u2019origine animale est le plus connu, alors la Suisse centrale a le taux de connaissance le plus faible (46%). Les r\u00e9sultats par cat\u00e9gories d\u2019\u00e2ge indiquent que 69% des 18-24 ans sont conscients de l\u2019impact d\u2019une alimentation d\u2019origine animale sur le climat, contre seulement 49% des 55-70 ans.&nbsp;<\/p>\n\n<p><strong>\u00ab&nbsp;Le public est encore trop peu conscient des effets n\u00e9gatifs sur le climat et l&rsquo;environnement de la production de produits d\u2019origine animale. Au lieu de financer des campagnes publicitaires manipulatrices qui l\u00e9gitiment et augmentent la consommation de viande, des produits laitiers et des \u0153ufs, l\u2019argent des contribuables devrait \u00eatre investi dans la promotion d\u2019une alimentation v\u00e9g\u00e9tale&nbsp;\u00bb<\/strong> explique l\u2019experte Alexandra Gavilano de Greenpeace Suisse.<\/p>\n\n<p>Il est \u00e9galement int\u00e9ressant de noter que le soutien \u00e0 des r\u00e9glementations est mieux accueilli par les femmes. Si l\u2019on prend l\u2019exemple de la viande, elles sont 54% \u00e0 soutenir une interdiction des publicit\u00e9s financ\u00e9es par les imp\u00f4ts et 51% en faveur d\u2019une interdiction de la promotion de la grande distribution pour de la viande bon march\u00e9 ou avec de gros rabais.<\/p>\n<div data-render=\"planet4-blocks\/gallery\" data-attributes=\"{&quot;attributes&quot;:{&quot;multiple_image&quot;:&quot;87706,87709,87713,87717,87720,87723&quot;,&quot;image_data&quot;:[{&quot;url&quot;:&quot;https:\\\/\\\/www.greenpeace.ch\\\/static\\\/planet4-switzerland-stateless\\\/2022\\\/07\\\/4cdb8a78-fr_1_square.jpg&quot;,&quot;focalPoint&quot;:{&quot;x&quot;:0.5,&quot;y&quot;:0.5},&quot;id&quot;:87706},{&quot;url&quot;:&quot;https:\\\/\\\/www.greenpeace.ch\\\/static\\\/planet4-switzerland-stateless\\\/2022\\\/07\\\/bb6aae5c-fr_2_square.jpg&quot;,&quot;focalPoint&quot;:{&quot;x&quot;:0.5,&quot;y&quot;:0.5},&quot;id&quot;:87709},{&quot;url&quot;:&quot;https:\\\/\\\/www.greenpeace.ch\\\/static\\\/planet4-switzerland-stateless\\\/2022\\\/07\\\/ca1a8af6-fr_3_square.jpg&quot;,&quot;focalPoint&quot;:{&quot;x&quot;:0.5,&quot;y&quot;:0.5},&quot;id&quot;:87713},{&quot;url&quot;:&quot;https:\\\/\\\/www.greenpeace.ch\\\/static\\\/planet4-switzerland-stateless\\\/2022\\\/07\\\/bcf936c9-fr_4_square.jpg&quot;,&quot;focalPoint&quot;:{&quot;x&quot;:0.5,&quot;y&quot;:0.5},&quot;id&quot;:87717},{&quot;url&quot;:&quot;https:\\\/\\\/www.greenpeace.ch\\\/static\\\/planet4-switzerland-stateless\\\/2022\\\/07\\\/618beee9-fr_5_square.jpg&quot;,&quot;focalPoint&quot;:{&quot;x&quot;:0.5,&quot;y&quot;:0.5},&quot;id&quot;:87720},{&quot;url&quot;:&quot;https:\\\/\\\/www.greenpeace.ch\\\/static\\\/planet4-switzerland-stateless\\\/2022\\\/07\\\/aa08c5c6-fr_6_square.jpg&quot;,&quot;focalPoint&quot;:{&quot;x&quot;:0.5,&quot;y&quot;:0.5},&quot;id&quot;:87723}],&quot;className&quot;:&quot;is-style-grid&quot;,&quot;gallery_block_style&quot;:0,&quot;gallery_block_title&quot;:&quot;&quot;,&quot;gallery_block_description&quot;:&quot;&quot;,&quot;gallery_block_focus_points&quot;:&quot;&quot;,&quot;images&quot;:[{&quot;image_src&quot;:&quot;https:\\\/\\\/www.greenpeace.ch\\\/static\\\/planet4-switzerland-stateless\\\/2022\\\/07\\\/4cdb8a78-fr_1_square.jpg&quot;,&quot;image_srcset&quot;:&quot;https:\\\/\\\/www.greenpeace.ch\\\/static\\\/planet4-switzerland-stateless\\\/2022\\\/07\\\/4cdb8a78-fr_1_square.jpg 900w, https:\\\/\\\/www.greenpeace.ch\\\/static\\\/planet4-switzerland-stateless\\\/2022\\\/07\\\/4cdb8a78-fr_1_square-300x300.jpg 300w, https:\\\/\\\/www.greenpeace.ch\\\/static\\\/planet4-switzerland-stateless\\\/2022\\\/07\\\/4cdb8a78-fr_1_square-150x150.jpg 150w, https:\\\/\\\/www.greenpeace.ch\\\/static\\\/planet4-switzerland-stateless\\\/2022\\\/07\\\/4cdb8a78-fr_1_square-768x768.jpg 768w, https:\\\/\\\/www.greenpeace.ch\\\/static\\\/planet4-switzerland-stateless\\\/2022\\\/07\\\/4cdb8a78-fr_1_square-340x340.jpg 340w&quot;,&quot;image_sizes&quot;:false,&quot;alt_text&quot;:&quot;&quot;,&quot;caption&quot;:&quot;&quot;,&quot;focus_image&quot;:&quot;&quot;,&quot;credits&quot;:&quot;&quot;},{&quot;image_src&quot;:&quot;https:\\\/\\\/www.greenpeace.ch\\\/static\\\/planet4-switzerland-stateless\\\/2022\\\/07\\\/bb6aae5c-fr_2_square.jpg&quot;,&quot;image_srcset&quot;:&quot;https:\\\/\\\/www.greenpeace.ch\\\/static\\\/planet4-switzerland-stateless\\\/2022\\\/07\\\/bb6aae5c-fr_2_square.jpg 900w, https:\\\/\\\/www.greenpeace.ch\\\/static\\\/planet4-switzerland-stateless\\\/2022\\\/07\\\/bb6aae5c-fr_2_square-300x300.jpg 300w, https:\\\/\\\/www.greenpeace.ch\\\/static\\\/planet4-switzerland-stateless\\\/2022\\\/07\\\/bb6aae5c-fr_2_square-150x150.jpg 150w, https:\\\/\\\/www.greenpeace.ch\\\/static\\\/planet4-switzerland-stateless\\\/2022\\\/07\\\/bb6aae5c-fr_2_square-768x768.jpg 768w, https:\\\/\\\/www.greenpeace.ch\\\/static\\\/planet4-switzerland-stateless\\\/2022\\\/07\\\/bb6aae5c-fr_2_square-340x340.jpg 340w&quot;,&quot;image_sizes&quot;:false,&quot;alt_text&quot;:&quot;&quot;,&quot;caption&quot;:&quot;&quot;,&quot;focus_image&quot;:&quot;&quot;,&quot;credits&quot;:&quot;&quot;},{&quot;image_src&quot;:&quot;https:\\\/\\\/www.greenpeace.ch\\\/static\\\/planet4-switzerland-stateless\\\/2022\\\/07\\\/ca1a8af6-fr_3_square.jpg&quot;,&quot;image_srcset&quot;:&quot;https:\\\/\\\/www.greenpeace.ch\\\/static\\\/planet4-switzerland-stateless\\\/2022\\\/07\\\/ca1a8af6-fr_3_square.jpg 900w, https:\\\/\\\/www.greenpeace.ch\\\/static\\\/planet4-switzerland-stateless\\\/2022\\\/07\\\/ca1a8af6-fr_3_square-300x300.jpg 300w, https:\\\/\\\/www.greenpeace.ch\\\/static\\\/planet4-switzerland-stateless\\\/2022\\\/07\\\/ca1a8af6-fr_3_square-150x150.jpg 150w, https:\\\/\\\/www.greenpeace.ch\\\/static\\\/planet4-switzerland-stateless\\\/2022\\\/07\\\/ca1a8af6-fr_3_square-768x768.jpg 768w, https:\\\/\\\/www.greenpeace.ch\\\/static\\\/planet4-switzerland-stateless\\\/2022\\\/07\\\/ca1a8af6-fr_3_square-340x340.jpg 340w&quot;,&quot;image_sizes&quot;:false,&quot;alt_text&quot;:&quot;&quot;,&quot;caption&quot;:&quot;&quot;,&quot;focus_image&quot;:&quot;&quot;,&quot;credits&quot;:&quot;&quot;},{&quot;image_src&quot;:&quot;https:\\\/\\\/www.greenpeace.ch\\\/static\\\/planet4-switzerland-stateless\\\/2022\\\/07\\\/bcf936c9-fr_4_square.jpg&quot;,&quot;image_srcset&quot;:&quot;https:\\\/\\\/www.greenpeace.ch\\\/static\\\/planet4-switzerland-stateless\\\/2022\\\/07\\\/bcf936c9-fr_4_square.jpg 900w, https:\\\/\\\/www.greenpeace.ch\\\/static\\\/planet4-switzerland-stateless\\\/2022\\\/07\\\/bcf936c9-fr_4_square-300x300.jpg 300w, https:\\\/\\\/www.greenpeace.ch\\\/static\\\/planet4-switzerland-stateless\\\/2022\\\/07\\\/bcf936c9-fr_4_square-150x150.jpg 150w, https:\\\/\\\/www.greenpeace.ch\\\/static\\\/planet4-switzerland-stateless\\\/2022\\\/07\\\/bcf936c9-fr_4_square-768x768.jpg 768w, https:\\\/\\\/www.greenpeace.ch\\\/static\\\/planet4-switzerland-stateless\\\/2022\\\/07\\\/bcf936c9-fr_4_square-340x340.jpg 340w&quot;,&quot;image_sizes&quot;:false,&quot;alt_text&quot;:&quot;&quot;,&quot;caption&quot;:&quot;&quot;,&quot;focus_image&quot;:&quot;&quot;,&quot;credits&quot;:&quot;&quot;},{&quot;image_src&quot;:&quot;https:\\\/\\\/www.greenpeace.ch\\\/static\\\/planet4-switzerland-stateless\\\/2022\\\/07\\\/618beee9-fr_5_square.jpg&quot;,&quot;image_srcset&quot;:&quot;https:\\\/\\\/www.greenpeace.ch\\\/static\\\/planet4-switzerland-stateless\\\/2022\\\/07\\\/618beee9-fr_5_square.jpg 900w, https:\\\/\\\/www.greenpeace.ch\\\/static\\\/planet4-switzerland-stateless\\\/2022\\\/07\\\/618beee9-fr_5_square-300x300.jpg 300w, https:\\\/\\\/www.greenpeace.ch\\\/static\\\/planet4-switzerland-stateless\\\/2022\\\/07\\\/618beee9-fr_5_square-150x150.jpg 150w, https:\\\/\\\/www.greenpeace.ch\\\/static\\\/planet4-switzerland-stateless\\\/2022\\\/07\\\/618beee9-fr_5_square-768x768.jpg 768w, https:\\\/\\\/www.greenpeace.ch\\\/static\\\/planet4-switzerland-stateless\\\/2022\\\/07\\\/618beee9-fr_5_square-340x340.jpg 340w&quot;,&quot;image_sizes&quot;:false,&quot;alt_text&quot;:&quot;&quot;,&quot;caption&quot;:&quot;&quot;,&quot;focus_image&quot;:&quot;&quot;,&quot;credits&quot;:&quot;&quot;},{&quot;image_src&quot;:&quot;https:\\\/\\\/www.greenpeace.ch\\\/static\\\/planet4-switzerland-stateless\\\/2022\\\/07\\\/aa08c5c6-fr_6_square.jpg&quot;,&quot;image_srcset&quot;:&quot;https:\\\/\\\/www.greenpeace.ch\\\/static\\\/planet4-switzerland-stateless\\\/2022\\\/07\\\/aa08c5c6-fr_6_square.jpg 900w, https:\\\/\\\/www.greenpeace.ch\\\/static\\\/planet4-switzerland-stateless\\\/2022\\\/07\\\/aa08c5c6-fr_6_square-300x300.jpg 300w, https:\\\/\\\/www.greenpeace.ch\\\/static\\\/planet4-switzerland-stateless\\\/2022\\\/07\\\/aa08c5c6-fr_6_square-150x150.jpg 150w, https:\\\/\\\/www.greenpeace.ch\\\/static\\\/planet4-switzerland-stateless\\\/2022\\\/07\\\/aa08c5c6-fr_6_square-768x768.jpg 768w, https:\\\/\\\/www.greenpeace.ch\\\/static\\\/planet4-switzerland-stateless\\\/2022\\\/07\\\/aa08c5c6-fr_6_square-340x340.jpg 340w&quot;,&quot;image_sizes&quot;:false,&quot;alt_text&quot;:&quot;&quot;,&quot;caption&quot;:&quot;&quot;,&quot;focus_image&quot;:&quot;&quot;,&quot;credits&quot;:&quot;&quot;}]}}\"><\/div>\n<p>La nouvelle g\u00e9n\u00e9ration se montre de mani\u00e8re g\u00e9n\u00e9rale plus favorable \u00e0 des r\u00e9glementations des produits d\u2019origine animale par le gouvernement. Peut-\u00eatre parce que ces jeunes, qui ont entre 18 et 24 ans, sont \u00e9galement les mieux inform\u00e9s sur les probl\u00e8mes li\u00e9s \u00e0 la production animale industrielle (climat, d\u00e9forestation, pollution, sant\u00e9, bien-\u00eatre animal). M\u00eame si certains mythes sont tenaces&nbsp;: la croyance que l\u2019\u00e9levage industriel n\u2019existe pas en Suisse est toujours &#8211; \u00e0 tort &#8211; bien ancr\u00e9e dans l\u2019esprit de la population. <a href=\"https:\/\/elevage-intensif.ch\/\">L\u2019initiative contre l\u2019\u00e9levage intensif<\/a> sur laquelle les Suisses se prononceront en septembre d\u00e9voile les pratiques n\u00e9fastes de ce type d\u2019\u00e9levage sur les animaux et l\u2019environnement. Raison pour laquelle Greenpeace Suisse a choisi de faire partie du comit\u00e9 et de s\u2019engager avec d\u00e9termination en faveur du oui \u00e0 l\u2019initiative.&nbsp;&nbsp;<\/p>\n\n<p><br><strong>Il est grand temps de prendre conscience de l\u2019impact de notre alimentation sur le climat, l\u2019environnement et notre sant\u00e9.<\/strong> Interdire les publicit\u00e9s financ\u00e9es par nos imp\u00f4ts et celles de la grande distribution pour les produits d\u2019origine animale permettra de faire ses courses sans \u00eatre sous influence des lobbys: notre p\u00e9tition attend volontiers votre signature!<\/p>\n\t\t\t<section\n\t\t\tclass=\"boxout  \"\n\t\t\t\n\t\t>\n\t\t\t<a\n\t\t\t\tdata-ga-category=\"Take Action Boxout\"\n\t\t\t\tdata-ga-action=\"Image\"\n\t\t\t\tdata-ga-label=\"n\/a\"\n\t\t\t\tclass=\"cover-card-overlay\"\n\t\t\t\thref=\"https:\/\/www.greenpeace.ch\/fr\/agir\/interdiction-publicite-aliments-origine-animale\" \n\t\t\t><\/a>\n\t\t\t\t\t\t\t<img\n\t\t\t\t\t\tsrc=\"https:\/\/www.greenpeace.ch\/static\/planet4-switzerland-stateless\/2022\/05\/4799c80c-1_header_webstory-1024x683.jpg\"\n\t\t\t\t\t\tsrcset=\"https:\/\/www.greenpeace.ch\/static\/planet4-switzerland-stateless\/2022\/05\/4799c80c-1_header_webstory-300x200.jpg 300w, https:\/\/www.greenpeace.ch\/static\/planet4-switzerland-stateless\/2022\/05\/4799c80c-1_header_webstory-1024x683.jpg 1024w, https:\/\/www.greenpeace.ch\/static\/planet4-switzerland-stateless\/2022\/05\/4799c80c-1_header_webstory-768x512.jpg 768w, https:\/\/www.greenpeace.ch\/static\/planet4-switzerland-stateless\/2022\/05\/4799c80c-1_header_webstory-510x340.jpg 510w, https:\/\/www.greenpeace.ch\/static\/planet4-switzerland-stateless\/2022\/05\/4799c80c-1_header_webstory.jpg 1200w\"\n\t\t\t\t\t\tsizes=\"(min-width: 1000px) 358px, (min-width: 780px) 313px, 88px\"\n\t\t\t\t\t\talt=\"\" title=\"\"\n\t\t\t\t\/>\n            \t\t\t<div class=\"boxout-content\">\n\t\t\t\t\t\t\t\t\t<a\n\t\t\t\t\t\tclass=\"boxout-heading medium\"\n\t\t\t\t\t\tdata-ga-category=\"Take Action Boxout\"\n\t\t\t\t\t\tdata-ga-action=\"Title\"\n\t\t\t\t\t\tdata-ga-label=\"n\/a\"\n\t\t\t\t\t\thref=\"https:\/\/www.greenpeace.ch\/fr\/agir\/interdiction-publicite-aliments-origine-animale\"\n\t\t\t\t\t\t\n\t\t\t\t\t>\n\t\t\t\t\t\tPour une interdiction de la publicit\u00e9 pour les aliments d\u2019origine animale\n\t\t\t\t\t<\/a>\n\t\t\t\t\t\t\t\t                                    <a\n                        class=\"btn btn-primary\"\n                        data-ga-category=\"Take Action Boxout\"\n                        data-ga-action=\"Call to Action\"\n                        data-ga-label=\"n\/a\"\n                        href=\"https:\/\/www.greenpeace.ch\/fr\/agir\/interdiction-publicite-aliments-origine-animale\"\n                        \n                    >\n                        Signer la p\u00e9tition\n                    <\/a>\n                \t\t\t<\/div>\n\t\t\t\t\t<\/section>\n\t","protected":false},"excerpt":{"rendered":"<p>A la suite de notre rapport sur la face cach\u00e9e des publicit\u00e9s pour les aliments d\u2019origine animale, nous avons souhait\u00e9 conna\u00eetre l\u2019avis du public. La consommation d\u2019aliments d\u2019origine animale semble \u00eatre un sujet toujours aussi clivant dans notre soci\u00e9t\u00e9. <\/p>\n","protected":false},"author":38,"featured_media":86760,"comment_status":"closed","ping_status":"closed","sticky":false,"template":"","format":"standard","meta":{"_acf_changed":false,"_planet4_optimize_post_is_variant":false,"_planet4_optimize_experiment_name":"","_planet4_optimize_variant_name":"","ep_exclude_from_search":false,"p4_og_title":"","p4_og_description":"","p4_og_image":"","p4_og_image_id":"","p4_seo_canonical_url":"","p4_campaign_name":"not set","p4_local_project":"not set","p4_basket_name":"not set","p4_department":"","footnotes":""},"categories":[22],"tags":[218,113],"p4-page-type":[77],"gpch-article-type":[],"class_list":["post-86556","post","type-post","status-publish","format-standard","has-post-thumbnail","hentry","category-non-classifiee","tag-consommation","tag-alimentation","p4-page-type-story-fr"],"acf":[],"_links":{"self":[{"href":"https:\/\/www.greenpeace.ch\/fr\/wp-json\/wp\/v2\/posts\/86556","targetHints":{"allow":["GET"]}}],"collection":[{"href":"https:\/\/www.greenpeace.ch\/fr\/wp-json\/wp\/v2\/posts"}],"about":[{"href":"https:\/\/www.greenpeace.ch\/fr\/wp-json\/wp\/v2\/types\/post"}],"author":[{"embeddable":true,"href":"https:\/\/www.greenpeace.ch\/fr\/wp-json\/wp\/v2\/users\/38"}],"replies":[{"embeddable":true,"href":"https:\/\/www.greenpeace.ch\/fr\/wp-json\/wp\/v2\/comments?post=86556"}],"version-history":[{"count":0,"href":"https:\/\/www.greenpeace.ch\/fr\/wp-json\/wp\/v2\/posts\/86556\/revisions"}],"wp:featuredmedia":[{"embeddable":true,"href":"https:\/\/www.greenpeace.ch\/fr\/wp-json\/wp\/v2\/media\/86760"}],"wp:attachment":[{"href":"https:\/\/www.greenpeace.ch\/fr\/wp-json\/wp\/v2\/media?parent=86556"}],"wp:term":[{"taxonomy":"category","embeddable":true,"href":"https:\/\/www.greenpeace.ch\/fr\/wp-json\/wp\/v2\/categories?post=86556"},{"taxonomy":"post_tag","embeddable":true,"href":"https:\/\/www.greenpeace.ch\/fr\/wp-json\/wp\/v2\/tags?post=86556"},{"taxonomy":"p4-page-type","embeddable":true,"href":"https:\/\/www.greenpeace.ch\/fr\/wp-json\/wp\/v2\/p4-page-type?post=86556"},{"taxonomy":"gpch-article-type","embeddable":true,"href":"https:\/\/www.greenpeace.ch\/fr\/wp-json\/wp\/v2\/gpch-article-type?post=86556"}],"curies":[{"name":"wp","href":"https:\/\/api.w.org\/{rel}","templated":true}]}}