{"id":8831,"date":"2005-09-07T00:00:00","date_gmt":"2005-09-06T22:00:00","guid":{"rendered":"https:\/\/master.greenpeace.ch\/press-release-fr\/8831\/les-bebes-pollues-via-le-cordon-ombilical\/"},"modified":"2019-05-30T09:05:21","modified_gmt":"2019-05-30T07:05:21","slug":"les-bebes-pollues-via-le-cordon-ombilical","status":"publish","type":"post","link":"https:\/\/www.greenpeace.ch\/fr\/communique-de-presse\/8831\/les-bebes-pollues-via-le-cordon-ombilical\/","title":{"rendered":"Les b\u00e9b\u00e9s pollu\u00e9s via le cordon ombilical"},"content":{"rendered":"<p><b>Une nouvelle \u00e9tude publi\u00e9e aujourd&rsquo;hui par Greenpeace d\u00e9montre que les b\u00e9b\u00e9s sont expos\u00e9s \u00e0 de nombreuses substances toxiques industrielles d\u00e8s le stade f\u0153tal, dans l&rsquo;ut\u00e9rus m\u00eame de leurs m\u00e8res. Greenpeace en appelle \u00e0 la responsabilit\u00e9 du gouvernement et des \u00e9lus europ\u00e9ens pour que la r\u00e9forme en cours de la r\u00e9glementation chimique REACH nous sorte d&rsquo;une situation plus que pr\u00e9occupante.<\/b><\/p>\n<div>\n<p class=\"bodytext\">Paris (France) <strong>Une nouvelle \u00e9tude<br \/>\npubli\u00e9e aujourd&rsquo;hui par Greenpeace d\u00e9montre que les b\u00e9b\u00e9s sont<br \/>\nexpos\u00e9s \u00e0 de nombreuses substances toxiques industrielles d\u00e8s le<br \/>\nstade f\u0153tal, dans l&rsquo;ut\u00e9rus m\u00eame de leurs m\u00e8res. Greenpeace en<br \/>\nappelle \u00e0 la responsabilit\u00e9 du gouvernement et des \u00e9lus europ\u00e9ens<br \/>\npour que la r\u00e9forme en cours de la r\u00e9glementation chimique REACH<br \/>\nnous sorte d&rsquo;une situation plus que pr\u00e9occupante.<\/strong><\/p>\n<p>Le rapport, intitul\u00e9 \u00ab\u00a0Toxiques en h\u00e9ritage\u00a0\u00bb, et portant sur<br \/>\nl&rsquo;analyse de sang maternel et de cordon ombilical, r\u00e9v\u00e8le la<br \/>\npr\u00e9sence dans ces \u00e9chantillons de substances chimiques toxiques<br \/>\nconnues ou pr\u00e9sum\u00e9es dangereuses, et employ\u00e9es comme additifs dans<br \/>\nde nombreux biens de consommation courante. Ces substances<br \/>\np\u00e9n\u00e8trent dans l&rsquo;organisme du b\u00e9b\u00e9 via le cordon ombilical sans<br \/>\n\u00eatre arr\u00eat\u00e9es par le placenta.<\/p>\n<p>\u00ab\u00a0Les enfants \u00e0 na\u00eetre, se nourrissant via le cordon ombilical,<br \/>\nsont expos\u00e9s \u00e0 des substances chimiques provenant de produits aussi<br \/>\ncourants que le plastique, les produits d&rsquo;entretien, les composants<br \/>\n\u00e9lectroniques ou les cosm\u00e9tiques. Il est choquant de constater que<br \/>\nces substances chimiques sont pr\u00e9sentes dans l&rsquo;organisme \u00e0 tous les<br \/>\nstades de la vie, et notamment d\u00e8s le stade f\u0153tal, p\u00e9riode o\u00f9<br \/>\nl&rsquo;enfant est le plus vuln\u00e9rable. Les gouvernements doivent agir et<br \/>\nexiger des industriels qu&rsquo;ils appliquent le Principe de<br \/>\nSubstitution pour tous les compos\u00e9s susceptibles de s&rsquo;accumuler<br \/>\ndans l&rsquo;environnement et les tissus vivants\u00a0\u00bb d\u00e9clare Yannick<br \/>\nVicaire, responsable de la campagne Vigitox de Greenpeace<br \/>\nFrance.<\/p>\n<p>Les produits chimiques incrimin\u00e9s se retrouvent dans<br \/>\nd&rsquo;innombrables articles, depuis les bo\u00eetes de conserve jusqu&rsquo;aux<br \/>\nappareils \u00e9lectriques, en passant par les pesticides, les<br \/>\nd\u00e9odorants ou le dentifrice. La liste de ces substances chimiques<br \/>\ncomprend notamment la famille tr\u00e8s controvers\u00e9e des phtalates, des<br \/>\nmuscs artificiels utilis\u00e9s comme fragrances dans les parfums et<br \/>\nautres produits parfum\u00e9s, ainsi que le triclosan, un agent<br \/>\nanti-bact\u00e9rien des plus courants.<\/p>\n<p>\u00ab\u00a0Ces r\u00e9sultats justifient les pr\u00e9occupations que nous avions<br \/>\nd\u00e9j\u00e0 soulev\u00e9es avec nos pr\u00e9c\u00e9dents dossiers sur la pr\u00e9sence de ces<br \/>\nsubstances dans les produits cosm\u00e9tiques\u00a0\u00bb commente Yannick Vicaire.<br \/>\nOnt \u00e9galement \u00e9t\u00e9 d\u00e9tect\u00e9s des composants perfluor\u00e9s qui entrent<br \/>\ndans la fabrication de rev\u00eatements anti-adh\u00e9sifs comme le t\u00e9flon<br \/>\nainsi que des retardateurs de flamme soup\u00e7onn\u00e9s de provoquer des<br \/>\ntroubles du d\u00e9veloppement chez l&rsquo;enfant (apprentissage et<br \/>\ncomportement). D&rsquo;autre part, la sensibilit\u00e9 des b\u00e9b\u00e9s \u00e0<br \/>\nl&rsquo;exposition \u00e0 des substances chimiques lors de leur d\u00e9veloppement,<br \/>\nindividuellement ou en \u00ab\u00a0cocktail\u00a0\u00bb, reste largement inconnue.<\/p>\n<p>Le projet de nouvelle r\u00e9glementation communautaire sur les<br \/>\nsubstances chimiques, REACH (Enregistrement, Evaluation, et<br \/>\nAutorisation des substances chimiques), offre une opportunit\u00e9<br \/>\nunique et cruciale de prot\u00e9ger la sant\u00e9 humaine et l&rsquo;environnement<br \/>\ndes effets n\u00e9fastes de ces substances chimiques, et de<br \/>\nresponsabiliser les acteurs \u00e9conomiques, l&rsquo;industrie chimique comme<br \/>\nles producteurs de biens de consommation. N\u00e9anmoins la version<br \/>\nactuelle de REACH, victime de l&rsquo;activisme des lobbies, est loin<br \/>\nd&rsquo;\u00eatre satisfaisante. \u00ab\u00a0110000 signatures de soutien \u00e0 l&rsquo;Appel de<br \/>\nParis ont \u00e9t\u00e9 r\u00e9unies sur un an par Greenpeace France et d&rsquo;autres<br \/>\nONG dans l&rsquo;espace francophone de l&rsquo;UE pour exiger une action<br \/>\npolitique \u00e0 la hauteur des enjeux sanitaires et humanitaires\u00a0\u00bb<br \/>\nconclut Yannick Vicaire.<\/p>\n<p>Greenpeace, soutenu par le WWF, appelle les l\u00e9gislateurs \u00e0<br \/>\nreplacer dans le futur r\u00e8glement REACH la sant\u00e9 publique et<br \/>\nl&rsquo;environnement en t\u00eate de leurs priorit\u00e9s, en s&rsquo;assurant que les<br \/>\nsubstances chimiques les plus nocives soient identifi\u00e9es et<br \/>\nprogressivement \u00e9limin\u00e9es, et en rendant obligatoire la<br \/>\nsubstitution de ces compos\u00e9s par des alternatives plus s\u00fbres.<\/p>\n<\/div>\n","protected":false},"excerpt":{"rendered":"<p>Une nouvelle \u00e9tude publi\u00e9e aujourd&#8217;hui par Greenpeace d\u00e9montre que les b\u00e9b\u00e9s sont expos\u00e9s \u00e0 de nombreuses substances toxiques industrielles d\u00e8s le stade f\u0153tal, dans l&#8217;ut\u00e9rus m\u00eame de leurs m\u00e8res. Greenpeace&hellip;<\/p>\n","protected":false},"author":23,"featured_media":0,"comment_status":"closed","ping_status":"open","sticky":false,"template":"","format":"standard","meta":{"_acf_changed":false,"_planet4_optimize_post_is_variant":false,"_planet4_optimize_experiment_name":"","_planet4_optimize_variant_name":"","ep_exclude_from_search":false,"p4_og_title":"","p4_og_description":"","p4_og_image":"","p4_og_image_id":"","p4_seo_canonical_url":"","p4_campaign_name":"","p4_local_project":"","p4_basket_name":"","p4_department":"","footnotes":""},"categories":[22],"tags":[],"p4-page-type":[73],"gpch-article-type":[],"class_list":["post-8831","post","type-post","status-publish","format-standard","hentry","category-non-classifiee","p4-page-type-communique-de-presse"],"acf":[],"_links":{"self":[{"href":"https:\/\/www.greenpeace.ch\/fr\/wp-json\/wp\/v2\/posts\/8831","targetHints":{"allow":["GET"]}}],"collection":[{"href":"https:\/\/www.greenpeace.ch\/fr\/wp-json\/wp\/v2\/posts"}],"about":[{"href":"https:\/\/www.greenpeace.ch\/fr\/wp-json\/wp\/v2\/types\/post"}],"author":[{"embeddable":true,"href":"https:\/\/www.greenpeace.ch\/fr\/wp-json\/wp\/v2\/users\/23"}],"replies":[{"embeddable":true,"href":"https:\/\/www.greenpeace.ch\/fr\/wp-json\/wp\/v2\/comments?post=8831"}],"version-history":[{"count":0,"href":"https:\/\/www.greenpeace.ch\/fr\/wp-json\/wp\/v2\/posts\/8831\/revisions"}],"wp:attachment":[{"href":"https:\/\/www.greenpeace.ch\/fr\/wp-json\/wp\/v2\/media?parent=8831"}],"wp:term":[{"taxonomy":"category","embeddable":true,"href":"https:\/\/www.greenpeace.ch\/fr\/wp-json\/wp\/v2\/categories?post=8831"},{"taxonomy":"post_tag","embeddable":true,"href":"https:\/\/www.greenpeace.ch\/fr\/wp-json\/wp\/v2\/tags?post=8831"},{"taxonomy":"p4-page-type","embeddable":true,"href":"https:\/\/www.greenpeace.ch\/fr\/wp-json\/wp\/v2\/p4-page-type?post=8831"},{"taxonomy":"gpch-article-type","embeddable":true,"href":"https:\/\/www.greenpeace.ch\/fr\/wp-json\/wp\/v2\/gpch-article-type?post=8831"}],"curies":[{"name":"wp","href":"https:\/\/api.w.org\/{rel}","templated":true}]}}