{"id":8833,"date":"2005-09-18T00:00:00","date_gmt":"2005-09-17T22:00:00","guid":{"rendered":"https:\/\/master.greenpeace.ch\/press-release-fr\/8833\/il-faut-a-la-suisse-un-conseil-sur-le-climat\/"},"modified":"2019-05-30T09:05:24","modified_gmt":"2019-05-30T07:05:24","slug":"il-faut-a-la-suisse-un-conseil-sur-le-climat","status":"publish","type":"post","link":"https:\/\/www.greenpeace.ch\/fr\/communique-de-presse\/8833\/il-faut-a-la-suisse-un-conseil-sur-le-climat\/","title":{"rendered":"Il faut \u00e0 la Suisse un conseil sur le climat"},"content":{"rendered":"<p><b>Pour le d\u00e9but de la session des chambres, des militants Greenpeace ont d\u00e9pos\u00e9 des gravats et du bois flott\u00e9 provenant de l\u2019inondation du si\u00e8cle devant l\u2019entr\u00e9e principale du Palais f\u00e9d\u00e9ral. Ils ont hiss\u00e9 sur cette montagne de d\u00e9bris un drapeau suisse portant la revendication \u201cReduce CO2\u201c.<\/b><\/p>\n<div>\n<p class=\"bodytext\">Berne (BE) <strong>Pour le d\u00e9but de la session<br \/>\ndes chambres, des militants Greenpeace ont d\u00e9pos\u00e9 des gravats et du<br \/>\nbois flott\u00e9 provenant de l&rsquo;inondation du si\u00e8cle devant l&rsquo;entr\u00e9e<br \/>\nprincipale du Palais f\u00e9d\u00e9ral. Ils ont hiss\u00e9 sur cette montagne de<br \/>\nd\u00e9bris un drapeau suisse portant la revendication \u00ab\u00a0Reduce<br \/>\nCO2&Prime;.<\/strong><\/p>\n<p>L&rsquo;organisation de protection de l&rsquo;environnement Greenpeace<br \/>\nr\u00e9clame la constitution d&rsquo;un conseil climatique national qui<br \/>\npr\u00e9pare des mesures d&rsquo;urgence efficaces pour r\u00e9duire les \u00e9missions<br \/>\nde CO2 et organise l&rsquo;aide au nombre croissant de victimes du<br \/>\nchangement climatique.<\/p>\n<p>\u00abCeux qui voudraient tourner la page apr\u00e8s la catastrophe<br \/>\nprovoqu\u00e9e par les inondations n&rsquo;ont pas compris les signes des<br \/>\ntemps \u00e0 l&rsquo;\u00e9poque du changement climatique pour ce pays alpin qu&rsquo;est<br \/>\nla Suisse. Le changement climatique, dont l&rsquo;\u00eatre humain est<br \/>\nresponsable, doit devenir une priorit\u00e9 nationale \u00bb, d\u00e9clare<br \/>\nAlexander Hauri de Greenpeace. Apr\u00e8s des intemp\u00e9ries qui ont<br \/>\nentra\u00een\u00e9 des morts et des d\u00e9g\u00e2ts pour des milliards de francs,<br \/>\nc&rsquo;est une nouvelle \u00e9poque qui s&rsquo;ouvre.<\/p>\n<p>Il faut maintenant mettre en place une politique offensive et<br \/>\ncibl\u00e9e, coordonn\u00e9e au niveau national et international, qui<br \/>\napplique les solutions qui s&rsquo;imposent. Il s&rsquo;agit de s&rsquo;attaquer aux<br \/>\ncauses, aux effets et aux co\u00fbts du changement climatique. Dans ce<br \/>\npays touch\u00e9 de mani\u00e8re particuli\u00e8rement directe par le changement<br \/>\nclimatique, il est de notre int\u00e9r\u00eat le plus imm\u00e9diat de d\u00e9velopper<br \/>\nune politique en mati\u00e8re de climat digne de ce nom. Tant que la<br \/>\nSuisse ne prendra pas des mesures \u00e9nergiques sur son territoire,<br \/>\nelle ne pourra, ni faire pression au niveau international, ni<br \/>\nesp\u00e9rer une solidarit\u00e9 des autres Etats.<\/p>\n<p>Greenpeace r\u00e9clame du parlement et du Conseil f\u00e9d\u00e9ral la mise en<br \/>\nplace, lors de cette session des chambres, d&rsquo;un conseil national<br \/>\nsur le climat, r\u00e9unissant les personnalit\u00e9s les plus capables et<br \/>\nles plus progressistes. Celles-ci devront engager un plan de<br \/>\nmesures d&rsquo;urgence de nature \u00e0 garantir notre ind\u00e9pendance vis \u00e0 vis<br \/>\ndes \u00e9nergies fossiles et de r\u00e9duire ainsi les \u00e9missions de CO2. De<br \/>\nplus, elles auront \u00e0 planifier rapidement une strat\u00e9gie permettant<br \/>\n\u00e0 la Suisse de r\u00e9duire d&rsquo;ici 2020 ses \u00e9missions de CO2 de 30% par<br \/>\nrapport au niveau de 1990.<\/p>\n<p>Divers sujets \u00e0 l&rsquo;ordre du jour de la session actuelle des<br \/>\nchambres offrent la possibilit\u00e9 de passer aux actes: Dans la loi<br \/>\nsur les installations \u00e9lectriques et l&rsquo;approvisionnement en<br \/>\n\u00e9lectricit\u00e9, les conditions-cadres doivent \u00eatre d\u00e9finies de mani\u00e8re<br \/>\n\u00e0 assurer la perc\u00e9e de l&rsquo;\u00e9lectricit\u00e9 issue des nouvelles sources<br \/>\nd&rsquo;\u00e9nergie. L&rsquo;initiative cantonale sur l&rsquo;imposition des huiles<br \/>\nmin\u00e9rales doit \u00eatre \u00e9largie: L&rsquo;imposition des huiles min\u00e9rales doit<br \/>\n\u00eatre redirig\u00e9e vers l&rsquo;encouragement aux moyens de transports<br \/>\nalternatifs et alimenter un fonds destin\u00e9 \u00e0 r\u00e9pondre aux dommages<br \/>\ncaus\u00e9s par le changement climatique. Il faut imposer aux soci\u00e9t\u00e9s<br \/>\np\u00e9troli\u00e8res une contribution \u00e0 ce fonds sur leurs propres moyens,<br \/>\nd&rsquo;un montant \u00e9gal aux ressources provenant de l&rsquo;imposition des<br \/>\nhuiles min\u00e9rales. L&rsquo;initiative parlementaire pour le financement du<br \/>\ntrafic d&rsquo;agglom\u00e9ration et du trafic lent rec\u00e8le un \u00e9norme potentiel<br \/>\npour marquer un changement strat\u00e9gique, puisque le trafic motoris\u00e9<br \/>\nest responsable de plus de 30% des \u00e9missions de CO2.<\/p>\n<p>\u00ab\u00a0Les \u00e9v\u00e9nements catastrophiques d&rsquo;ao\u00fbt 2005 sont une r\u00e9alit\u00e9 que<br \/>\nnous ne pouvons effacer. En revanche, il serait irresponsable de ne<br \/>\npas en tirer les cons\u00e9quences qui s&rsquo;imposent. Au vu des dangers<br \/>\nind\u00e9niables qui nous guettent \u00e0 l&rsquo;avenir, la r\u00e9sistance persistante<br \/>\nde certains milieux politiques et des organisations fa\u00eeti\u00e8res de<br \/>\nl&rsquo;\u00e9conomie contre une politique climatique efficace est<br \/>\nscandaleuse. Nous sommes impuissants face \u00e0 la m\u00e9t\u00e9o, mais nous<br \/>\ndevons agir en faveur du climat. Imm\u00e9diatement.\u00a0\u00bb<\/p>\n<\/div>\n","protected":false},"excerpt":{"rendered":"<p>Pour le d\u00e9but de la session des chambres, des militants Greenpeace ont d\u00e9pos\u00e9 des gravats et du bois flott\u00e9 provenant de l\u2019inondation du si\u00e8cle devant l\u2019entr\u00e9e principale du Palais f\u00e9d\u00e9ral.&hellip;<\/p>\n","protected":false},"author":23,"featured_media":0,"comment_status":"closed","ping_status":"open","sticky":false,"template":"","format":"standard","meta":{"_acf_changed":false,"_planet4_optimize_post_is_variant":false,"_planet4_optimize_experiment_name":"","_planet4_optimize_variant_name":"","ep_exclude_from_search":false,"p4_og_title":"","p4_og_description":"","p4_og_image":"","p4_og_image_id":"","p4_seo_canonical_url":"","p4_campaign_name":"","p4_local_project":"","p4_basket_name":"","p4_department":"","footnotes":""},"categories":[22],"tags":[],"p4-page-type":[73],"gpch-article-type":[],"class_list":["post-8833","post","type-post","status-publish","format-standard","hentry","category-non-classifiee","p4-page-type-communique-de-presse"],"acf":[],"_links":{"self":[{"href":"https:\/\/www.greenpeace.ch\/fr\/wp-json\/wp\/v2\/posts\/8833","targetHints":{"allow":["GET"]}}],"collection":[{"href":"https:\/\/www.greenpeace.ch\/fr\/wp-json\/wp\/v2\/posts"}],"about":[{"href":"https:\/\/www.greenpeace.ch\/fr\/wp-json\/wp\/v2\/types\/post"}],"author":[{"embeddable":true,"href":"https:\/\/www.greenpeace.ch\/fr\/wp-json\/wp\/v2\/users\/23"}],"replies":[{"embeddable":true,"href":"https:\/\/www.greenpeace.ch\/fr\/wp-json\/wp\/v2\/comments?post=8833"}],"version-history":[{"count":0,"href":"https:\/\/www.greenpeace.ch\/fr\/wp-json\/wp\/v2\/posts\/8833\/revisions"}],"wp:attachment":[{"href":"https:\/\/www.greenpeace.ch\/fr\/wp-json\/wp\/v2\/media?parent=8833"}],"wp:term":[{"taxonomy":"category","embeddable":true,"href":"https:\/\/www.greenpeace.ch\/fr\/wp-json\/wp\/v2\/categories?post=8833"},{"taxonomy":"post_tag","embeddable":true,"href":"https:\/\/www.greenpeace.ch\/fr\/wp-json\/wp\/v2\/tags?post=8833"},{"taxonomy":"p4-page-type","embeddable":true,"href":"https:\/\/www.greenpeace.ch\/fr\/wp-json\/wp\/v2\/p4-page-type?post=8833"},{"taxonomy":"gpch-article-type","embeddable":true,"href":"https:\/\/www.greenpeace.ch\/fr\/wp-json\/wp\/v2\/gpch-article-type?post=8833"}],"curies":[{"name":"wp","href":"https:\/\/api.w.org\/{rel}","templated":true}]}}