{"id":8845,"date":"2005-09-20T00:00:00","date_gmt":"2005-09-19T22:00:00","guid":{"rendered":"https:\/\/master.greenpeace.ch\/press-release-fr\/8845\/la-coree-du-nord-renonce-a-son-programme-darmement-nucleaire\/"},"modified":"2019-05-30T09:05:45","modified_gmt":"2019-05-30T07:05:45","slug":"la-coree-du-nord-renonce-a-son-programme-darmement-nucleaire","status":"publish","type":"post","link":"https:\/\/www.greenpeace.ch\/fr\/communique-de-presse\/8845\/la-coree-du-nord-renonce-a-son-programme-darmement-nucleaire\/","title":{"rendered":"La Cor\u00e9e du Nord renonce \u00e0 son programme d&rsquo;armement nucl\u00e9aire"},"content":{"rendered":"<p><b><\/b><\/p>\n<div>\n<p class=\"bodytext\"><span class=\"date\">International <\/span><span class=\"lead\"><strong>Apr\u00e8s plus de deux ann\u00e9es de n\u00e9gociations, la Cor\u00e9e du Nord a d\u00e9cid\u00e9 de renoncer \u00e0 son programme d&rsquo;armement nucl\u00e9aire et de rejoindre dans un d\u00e9lai relativement court le Trait\u00e9 de Non Prolif\u00e9ration qu&rsquo;elle avait quitt\u00e9 en 2003.<br \/><\/strong><br \/><\/span><br \/>\n<span class=\"text\"> En \u00e9change, elle a obtenu des Etats-Unis qu&rsquo;ils s&rsquo;engagent \u00e0 ne mener aucune guerre d&rsquo;agression contre la Cor\u00e9e, et recevra une aide importante notamment en mati\u00e8re \u00e9nerg\u00e9tique. La possibilit\u00e9 pour la Cor\u00e9e, de conserver un programme nucl\u00e9aire civil reste encore en suspens. Cette initiative, que nous saluons, apporte une nouvelle fois la preuve que la diplomatie est une arme de paix puissante.<\/p>\n<p> Bien s\u00fbr, il ne s&rsquo;agit l\u00e0 que d&rsquo;une premi\u00e8re \u00e9tape, vers le seul objectif raisonnable qui soit: la d\u00e9nucl\u00e9arisation compl\u00e8te de la p\u00e9ninsule cor\u00e9enne, Nord et Sud, et la mise en place d&rsquo;un cadre juridique contraignant \u00e9tablissant une zone sans armes nucl\u00e9aires dans toute la r\u00e9gion. Il ne saurait y avoir de paix durable sans un d\u00e9sarmement progressif des missiles nucl\u00e9aires \u00e0 l&rsquo;\u00e9chelle de la r\u00e9gion.<\/p>\n<p> En lieu et place des \u00e9normes d\u00e9penses affect\u00e9es \u00e0 l&rsquo;arme nucl\u00e9aire, les nations de la r\u00e9gion doivent s&rsquo;engager \u00e0 satisfaire les v\u00e9ritables besoins de s\u00e9curit\u00e9 de leurs populations: s\u00e9curit\u00e9 alimentaire, sociale, sanitaire, environnementale et \u00e9nerg\u00e9tique.<\/p>\n<p> La s\u00e9curit\u00e9 \u00e9nerg\u00e9tique, en particulier, para\u00eet plus urgente chaque jour : tant que les pays de la r\u00e9gion continueront de s&rsquo;accrocher \u00e0 leurs programmes nucl\u00e9aires, multipliant de la sorte les installations, les savoir-faire et les mati\u00e8res qui permettent aussi le d\u00e9veloppement des bombes, on devra craindre que l&rsquo;un ou l&rsquo;autre d\u00e9veloppe effectivement de telles armes. Seules les \u00e9nergies renouvelables, par d\u00e9finition in\u00e9puisables, non prolif\u00e9rantes et sans risques pour les populations, sont de nature \u00e0 pr\u00e9server durablement la paix dans la r\u00e9gion, et au-del\u00e0, dans le monde entier.<\/p>\n<p> Le choix de la paix implique la promotion conjointe du d\u00e9sarmement nucl\u00e9aire et de la sortie de l&rsquo;\u00e8re de l&rsquo;\u00e9nergie nucl\u00e9aire, en Asie du Sud-Est comme dans le reste du monde. <\/span><\/p>\n<\/div>\n","protected":false},"excerpt":{"rendered":"<p>International Apr\u00e8s plus de deux ann\u00e9es de n\u00e9gociations, la Cor\u00e9e du Nord a d\u00e9cid\u00e9 de renoncer \u00e0 son programme d&#8217;armement nucl\u00e9aire et de rejoindre dans un d\u00e9lai relativement court le&hellip;<\/p>\n","protected":false},"author":23,"featured_media":0,"comment_status":"closed","ping_status":"open","sticky":false,"template":"","format":"standard","meta":{"_acf_changed":false,"_planet4_optimize_post_is_variant":false,"_planet4_optimize_experiment_name":"","_planet4_optimize_variant_name":"","ep_exclude_from_search":false,"p4_og_title":"","p4_og_description":"","p4_og_image":"","p4_og_image_id":"","p4_seo_canonical_url":"","p4_campaign_name":"","p4_local_project":"","p4_basket_name":"","p4_department":"","footnotes":""},"categories":[22],"tags":[],"p4-page-type":[73],"gpch-article-type":[],"class_list":["post-8845","post","type-post","status-publish","format-standard","hentry","category-non-classifiee","p4-page-type-communique-de-presse"],"acf":[],"_links":{"self":[{"href":"https:\/\/www.greenpeace.ch\/fr\/wp-json\/wp\/v2\/posts\/8845","targetHints":{"allow":["GET"]}}],"collection":[{"href":"https:\/\/www.greenpeace.ch\/fr\/wp-json\/wp\/v2\/posts"}],"about":[{"href":"https:\/\/www.greenpeace.ch\/fr\/wp-json\/wp\/v2\/types\/post"}],"author":[{"embeddable":true,"href":"https:\/\/www.greenpeace.ch\/fr\/wp-json\/wp\/v2\/users\/23"}],"replies":[{"embeddable":true,"href":"https:\/\/www.greenpeace.ch\/fr\/wp-json\/wp\/v2\/comments?post=8845"}],"version-history":[{"count":0,"href":"https:\/\/www.greenpeace.ch\/fr\/wp-json\/wp\/v2\/posts\/8845\/revisions"}],"wp:attachment":[{"href":"https:\/\/www.greenpeace.ch\/fr\/wp-json\/wp\/v2\/media?parent=8845"}],"wp:term":[{"taxonomy":"category","embeddable":true,"href":"https:\/\/www.greenpeace.ch\/fr\/wp-json\/wp\/v2\/categories?post=8845"},{"taxonomy":"post_tag","embeddable":true,"href":"https:\/\/www.greenpeace.ch\/fr\/wp-json\/wp\/v2\/tags?post=8845"},{"taxonomy":"p4-page-type","embeddable":true,"href":"https:\/\/www.greenpeace.ch\/fr\/wp-json\/wp\/v2\/p4-page-type?post=8845"},{"taxonomy":"gpch-article-type","embeddable":true,"href":"https:\/\/www.greenpeace.ch\/fr\/wp-json\/wp\/v2\/gpch-article-type?post=8845"}],"curies":[{"name":"wp","href":"https:\/\/api.w.org\/{rel}","templated":true}]}}