{"id":9091,"date":"2003-04-09T00:00:00","date_gmt":"2003-04-08T22:00:00","guid":{"rendered":"https:\/\/master.greenpeace.ch\/press-release-fr\/9091\/la-guerre-sacheve-a-bagdad-le-business-continue-a-paris\/"},"modified":"2019-05-30T09:12:13","modified_gmt":"2019-05-30T07:12:13","slug":"la-guerre-sacheve-a-bagdad-le-business-continue-a-paris","status":"publish","type":"post","link":"https:\/\/www.greenpeace.ch\/fr\/communique-de-presse\/9091\/la-guerre-sacheve-a-bagdad-le-business-continue-a-paris\/","title":{"rendered":"La guerre s&rsquo;ach\u00e8ve \u00e0 Bagdad, le business continue \u00e0 Paris"},"content":{"rendered":"<p><b>Une cinquantaine de militants de Greenpeace ont organis\u00e9 un \u00ab\u00a0die-in\u00a0\u00bb \u00e0 l&rsquo;entr\u00e9e de l&rsquo;H\u00f4tel M\u00e9ridien Etoile o\u00f9 se tient le 4\u00e8me Sommet P\u00e9trolier International. Les militants, habill\u00e9s de combinaisons macul\u00e9es de rouge et de noir symbolisant le sang et le p\u00e9trole, et d\u00e9ployant une banderole \u00ab\u00a0Ici sommet p\u00e9trolier &#8211; Business \u00e0 Bagdad, Business \u00e0 Paris\u00a0\u00bb et des messages \u00ab\u00a0Le p\u00e9trole a tu\u00e9, tue&#8230; tuera ?\u00a0\u00bb, se sont allong\u00e9s devant l&rsquo;entr\u00e9e de l&rsquo;h\u00f4tel pour d\u00e9noncer l&rsquo;industrie du p\u00e9trole qui poursuit son business, comme d&rsquo;habitude, malgr\u00e9 les guerres, les dictatures, les changements climatiques et leurs milliers de victimes.<\/b><\/p>\n<div>\n<p class=\"bodytext\"><span class=\"date\">Paris (France). <\/span><span class=\"text\"> \u00ab\u00a0Oubliant les milliers de victimes en Irak, les repr\u00e9sentants de l&rsquo;industrie p\u00e9troli\u00e8re ont l&rsquo;effroyable ind\u00e9cence de n\u00e9gocier contrats, partage du g\u00e2teau, g\u00e9ostrat\u00e9gie politique et p\u00e9troli\u00e8re, ici \u00e0 Paris, comme l&rsquo;administration Bush le fait \u00e0 Bagdad. Sous pr\u00e9texte de lib\u00e9rer le peuple irakien, les Etats-Unis ont surtout cherch\u00e9 \u00e0 lib\u00e9rer le p\u00e9trole irakien !\u00a0\u00bb d\u00e9clare Yannick Jadot, Directeur des campagnes de Greenpeace France.<\/p>\n<p> La mainmise sur le p\u00e9trole irakien va permettre d&rsquo;alimenter la voracit\u00e9 des \u00e9conomies des pays industriels, et en particulier celle des Etats-Unis qui consomme \u00e0 elle seule 25% de la production mondiale. Bush fonde en effet sa politique \u00e9nerg\u00e9tique sur l&rsquo;acceptation d&rsquo;une croissance illimit\u00e9e de la demande, sur le refus des \u00e9conomies d&rsquo;\u00e9nergie et du d\u00e9veloppement des \u00e9nergies renouvelables.<\/p>\n<p> Du p\u00e9trole coule dans les veines de l&rsquo;administration Bush. En plus des liens du pr\u00e9sident Bush avec l&rsquo;industrie p\u00e9troli\u00e8re, le vice-pr\u00e9sident Cheney \u00e9tait l&rsquo;un des dirigeants du g\u00e9ant des services p\u00e9troliers Halliburton Co qui a d\u00e9j\u00e0 obtenu la reconstruction de puits en Irak. Donald Evans, secr\u00e9taire au Commerce, et Stanley Abraham, secr\u00e9taire \u00e0 l&rsquo;Energie, travaillaient \u00e9galement pour l&rsquo;industrie p\u00e9troli\u00e8re am\u00e9ricaine. Condoleeza Rice, la conseill\u00e8re de Bush pour la s\u00e9curit\u00e9 nationale, a si\u00e9g\u00e9 au conseil d&rsquo;administration de Chevron. Un tanker de Chevron a m\u00eame pris son nom !<\/p>\n<p> \u00ab\u00a0Guerres, dictatures, changements climatiques, le p\u00e9trole tue et continuera de tuer tant que les \u00e9conomies resteront accros au p\u00e9trole. Les p\u00e9troliers r\u00e9unis \u00e0 Paris pour ce Sommet ne peuvent continuer \u00e0 ignorer les cons\u00e9quences dramatiques de leur business sur les populations et sur l&rsquo;environnement\u00a0\u00bb, ajoute Yannick Jadot.<\/p>\n<p> La consommation de p\u00e9trole est le principal responsable des changements climatiques, l&rsquo;une des plus grandes menaces environnementales pesant sur notre plan\u00e8te. Greenpeace pense qu&rsquo;une v\u00e9ritable stabilit\u00e9 internationale n&rsquo;existera que lorsque le monde se sera d\u00e9fait de sa d\u00e9pendance envers le p\u00e9trole.<\/p>\n<p> \u00ab\u00a0Un monde fond\u00e9 sur un d\u00e9veloppement plus sain et des \u00e9nergies renouvelables serait bien plus s\u00fbr et plus vivable que la plan\u00e8te surchauff\u00e9e et violente que nous offrent l&rsquo;industrie p\u00e9troli\u00e8re et l&rsquo;administration Bush qui lui est inf\u00e9od\u00e9e. Les gouvernements doivent tirer toutes les le\u00e7ons de la guerre en Irak et se tourner r\u00e9solument vers les \u00e9nergies renouvelables. On ne fera jamais la guerre pour le soleil et le vent !\u00a0\u00bb conclut Yannick Jadot.<\/span><\/p>\n<\/div>\n","protected":false},"excerpt":{"rendered":"<p>Une cinquantaine de militants de Greenpeace ont organis\u00e9 un &#8220;die-in&#8221; \u00e0 l&#8217;entr\u00e9e de l&#8217;H\u00f4tel M\u00e9ridien Etoile o\u00f9 se tient le 4\u00e8me Sommet P\u00e9trolier International. Les militants, habill\u00e9s de combinaisons macul\u00e9es&hellip;<\/p>\n","protected":false},"author":23,"featured_media":0,"comment_status":"closed","ping_status":"open","sticky":false,"template":"","format":"standard","meta":{"_acf_changed":false,"_planet4_optimize_post_is_variant":false,"_planet4_optimize_experiment_name":"","_planet4_optimize_variant_name":"","ep_exclude_from_search":false,"p4_og_title":"","p4_og_description":"","p4_og_image":"","p4_og_image_id":"","p4_seo_canonical_url":"","p4_campaign_name":"","p4_local_project":"","p4_basket_name":"","p4_department":"","footnotes":""},"categories":[22],"tags":[],"p4-page-type":[73],"gpch-article-type":[],"class_list":["post-9091","post","type-post","status-publish","format-standard","hentry","category-non-classifiee","p4-page-type-communique-de-presse"],"acf":[],"_links":{"self":[{"href":"https:\/\/www.greenpeace.ch\/fr\/wp-json\/wp\/v2\/posts\/9091","targetHints":{"allow":["GET"]}}],"collection":[{"href":"https:\/\/www.greenpeace.ch\/fr\/wp-json\/wp\/v2\/posts"}],"about":[{"href":"https:\/\/www.greenpeace.ch\/fr\/wp-json\/wp\/v2\/types\/post"}],"author":[{"embeddable":true,"href":"https:\/\/www.greenpeace.ch\/fr\/wp-json\/wp\/v2\/users\/23"}],"replies":[{"embeddable":true,"href":"https:\/\/www.greenpeace.ch\/fr\/wp-json\/wp\/v2\/comments?post=9091"}],"version-history":[{"count":0,"href":"https:\/\/www.greenpeace.ch\/fr\/wp-json\/wp\/v2\/posts\/9091\/revisions"}],"wp:attachment":[{"href":"https:\/\/www.greenpeace.ch\/fr\/wp-json\/wp\/v2\/media?parent=9091"}],"wp:term":[{"taxonomy":"category","embeddable":true,"href":"https:\/\/www.greenpeace.ch\/fr\/wp-json\/wp\/v2\/categories?post=9091"},{"taxonomy":"post_tag","embeddable":true,"href":"https:\/\/www.greenpeace.ch\/fr\/wp-json\/wp\/v2\/tags?post=9091"},{"taxonomy":"p4-page-type","embeddable":true,"href":"https:\/\/www.greenpeace.ch\/fr\/wp-json\/wp\/v2\/p4-page-type?post=9091"},{"taxonomy":"gpch-article-type","embeddable":true,"href":"https:\/\/www.greenpeace.ch\/fr\/wp-json\/wp\/v2\/gpch-article-type?post=9091"}],"curies":[{"name":"wp","href":"https:\/\/api.w.org\/{rel}","templated":true}]}}