{"id":9127,"date":"2003-01-29T00:00:00","date_gmt":"2003-01-28T22:00:00","guid":{"rendered":"https:\/\/master.greenpeace.ch\/press-release-fr\/9127\/des-riverains-des-agriculteurs-pi-et-greenpeace-recourent-contre-le-ble-transgenique\/"},"modified":"2019-05-30T09:13:11","modified_gmt":"2019-05-30T07:13:11","slug":"des-riverains-des-agriculteurs-pi-et-greenpeace-recourent-contre-le-ble-transgenique","status":"publish","type":"post","link":"https:\/\/www.greenpeace.ch\/fr\/communique-de-presse\/9127\/des-riverains-des-agriculteurs-pi-et-greenpeace-recourent-contre-le-ble-transgenique\/","title":{"rendered":"Des riverains, des agriculteurs PI et Greenpeace recourent contre le bl\u00e9 transg\u00e9nique"},"content":{"rendered":"<p><b>Aujourd&rsquo;hui, des riverains et des agriculteurs concern\u00e9s, associ\u00e9s \u00e0 IP-Suisse et Greenpeace, ont fait recours contre l&rsquo;autorisation de cultiver le bl\u00e9 transg\u00e9nique de l&rsquo;EPFZ \u00e0 Lindau (ZH). Les documents fournis par l&rsquo;EPFZ concernant l&rsquo;essai pr\u00e9vu sont remplis de questions sans r\u00e9ponses et de contradictions. Des risques pour les humains, l&rsquo;environnement et l&rsquo;agriculture restent possibles lors de cette exp\u00e9rience insens\u00e9e d&rsquo;un point de vue \u00e9cologique et agricole dont le risque n&rsquo;a en outre pas \u00e9t\u00e9 analys\u00e9 comme le veut l&rsquo;Ordonnance f\u00e9d\u00e9rale sur la diss\u00e9mination dans l&rsquo;Environnement (ODE). Le rapport de l&rsquo;EPFZ sur les essais de bl\u00e9 transg\u00e9nique sous serre r\u00e9v\u00e8le par ailleurs que celui-ci ne fonctionne pas. Mais l&rsquo;EPFZ veut tout de m\u00eame imposer son erreur transg\u00e9nique en plein champ!<\/b><\/p>\n<div>\n<p class=\"bodytext\">Zurich (ZH). La volte-face de l&rsquo;Office f\u00e9d\u00e9ral<br \/>\nde l&rsquo;environnement, de la for\u00eat et du paysage (OFEFP), qui avait<br \/>\nd&rsquo;abord rejet\u00e9 en 2002 l&rsquo;essai en plein champ du bl\u00e9 transg\u00e9nique<br \/>\nde l&rsquo;EPFZ comme \u00e9tant trop risqu\u00e9, est incompr\u00e9hensible et<br \/>\ninacceptable. C&rsquo;est pour cela que des riverains concern\u00e9s, qui<br \/>\ns&rsquo;\u00e9taient constitu\u00e9s en groupe de travail \u00ab\u00a0Lindau gegen<br \/>\nGentech-Weize\u00a0\u00bb (Lindau contre le bl\u00e9 transg\u00e9nique) d\u00e8s le d\u00e9but du<br \/>\nprojet de l&rsquo;EPFZ, font recours, avec le soutien de Greenpeace,<br \/>\ncontre cette autorisation au D\u00e9partement de l&rsquo;Environnement, des<br \/>\nTransports, de l&rsquo;Energie et de la Communication (DETEC).<br \/>\nL&rsquo;association d&rsquo;agriculteurs \u00e9cologiques IP- Suisse soutient ce<br \/>\nrecours.<\/p>\n<p>\u00ab\u00a0Toutes les raisons du refus de l&rsquo;OFEFP en 2002 restent<br \/>\nd&rsquo;actualit\u00e9: antibior\u00e9sistance, menace pour les insectes, les<br \/>\nbact\u00e9ries du sol, transfert de g\u00e8nes vers les bl\u00e9s et les<br \/>\ngramin\u00e9es,\u00a0\u00bb explique Bruno Heinzer de Greenpeace. \u00ab\u00a0Au contraire, il<br \/>\ndevient chaque jour plus clair que l&rsquo;on ne sait que tr\u00e8s peu de<br \/>\nchoses sur le d\u00e9roulement et les cons\u00e9quences d&rsquo;une intervention<br \/>\ndans le patrimoine h\u00e9r\u00e9ditaire. La compr\u00e9hension de la complexit\u00e9<br \/>\ndes interactions entre les organismes et leurs biotopes dans les<br \/>\n\u00e9cosyst\u00e8mes n&rsquo;est que grossi\u00e8rement connue. Il est donc<br \/>\nirresponsable de diss\u00e9miner des organismes g\u00e9n\u00e9tiquement manipul\u00e9s<br \/>\n(OGM) dans la biosph\u00e8re. L&rsquo;exp\u00e9rience de l&rsquo;EPFZ n&rsquo;a en outre aucun<br \/>\nsens \u00e9cologique ou agricole. La Commission f\u00e9d\u00e9rale d&rsquo;experts pour<br \/>\nla s\u00e9curit\u00e9 biologique (CFSB) confirme que l&rsquo;on peut sans probl\u00e8mes<br \/>\nvenir \u00e0 bout de la carie du bl\u00e9 avec des m\u00e9thodes biologiques. Cet<br \/>\nessai en plein air de bl\u00e9 transg\u00e9nique n&rsquo;a vraiment rien \u00e0 faire<br \/>\ndans un environnement agricole qui promeut les solutions<br \/>\n\u00e9cologiques.\u00a0\u00bb<\/p>\n<p>En cas de contamination de champs voisins par son bl\u00e9<br \/>\ntransg\u00e9nique, l&rsquo;EPFZ propose que les victimes soient d\u00e9dommag\u00e9es<br \/>\npar le Fonds national! Ce n&rsquo;est pas seulement une intervention<br \/>\ninadmissible dans les biens de ces agriculteurs, sans que ceux-ci<br \/>\naient pu se prononcer, mais montre aussi ce que l&rsquo;EPFZ entend par<br \/>\n\u00ab\u00a0risque z\u00e9ro\u00a0\u00bb&#8230;<\/p>\n<p>L&rsquo;essai en plein air de bl\u00e9 transg\u00e9nique de l&rsquo;EPFZ \u00e0 Lindau est<br \/>\nd\u00e9finitivement absurde lorsque l&rsquo;on lit le rapport -publi\u00e9 apr\u00e8s la<br \/>\nd\u00e9cision du DETEC- sur les essais par l&rsquo;EPFZ de son bl\u00e9<br \/>\ntransg\u00e9nique sous serre. Le bl\u00e9 transg\u00e9nique \u00ab\u00a0r\u00e9sistant \u00e0 la carie\u00a0\u00bb<br \/>\na \u00e9t\u00e9 plus atteint par la carie du bl\u00e9 que le bl\u00e9 conventionnel! Et<br \/>\npersonne n&rsquo;a v\u00e9rifi\u00e9 que le bl\u00e9 transg\u00e9nique est vraiment<br \/>\ncomestible.<\/p>\n<\/div>\n","protected":false},"excerpt":{"rendered":"<p>Aujourd&#8217;hui, des riverains et des agriculteurs concern\u00e9s, associ\u00e9s \u00e0 IP-Suisse et Greenpeace, ont fait recours contre l&#8217;autorisation de cultiver le bl\u00e9 transg\u00e9nique de l&#8217;EPFZ \u00e0 Lindau (ZH). Les documents fournis&hellip;<\/p>\n","protected":false},"author":23,"featured_media":0,"comment_status":"closed","ping_status":"open","sticky":false,"template":"","format":"standard","meta":{"_acf_changed":false,"_planet4_optimize_post_is_variant":false,"_planet4_optimize_experiment_name":"","_planet4_optimize_variant_name":"","ep_exclude_from_search":false,"p4_og_title":"","p4_og_description":"","p4_og_image":"","p4_og_image_id":"","p4_seo_canonical_url":"","p4_campaign_name":"","p4_local_project":"","p4_basket_name":"","p4_department":"","footnotes":""},"categories":[22],"tags":[],"p4-page-type":[73],"gpch-article-type":[],"class_list":["post-9127","post","type-post","status-publish","format-standard","hentry","category-non-classifiee","p4-page-type-communique-de-presse"],"acf":[],"_links":{"self":[{"href":"https:\/\/www.greenpeace.ch\/fr\/wp-json\/wp\/v2\/posts\/9127","targetHints":{"allow":["GET"]}}],"collection":[{"href":"https:\/\/www.greenpeace.ch\/fr\/wp-json\/wp\/v2\/posts"}],"about":[{"href":"https:\/\/www.greenpeace.ch\/fr\/wp-json\/wp\/v2\/types\/post"}],"author":[{"embeddable":true,"href":"https:\/\/www.greenpeace.ch\/fr\/wp-json\/wp\/v2\/users\/23"}],"replies":[{"embeddable":true,"href":"https:\/\/www.greenpeace.ch\/fr\/wp-json\/wp\/v2\/comments?post=9127"}],"version-history":[{"count":0,"href":"https:\/\/www.greenpeace.ch\/fr\/wp-json\/wp\/v2\/posts\/9127\/revisions"}],"wp:attachment":[{"href":"https:\/\/www.greenpeace.ch\/fr\/wp-json\/wp\/v2\/media?parent=9127"}],"wp:term":[{"taxonomy":"category","embeddable":true,"href":"https:\/\/www.greenpeace.ch\/fr\/wp-json\/wp\/v2\/categories?post=9127"},{"taxonomy":"post_tag","embeddable":true,"href":"https:\/\/www.greenpeace.ch\/fr\/wp-json\/wp\/v2\/tags?post=9127"},{"taxonomy":"p4-page-type","embeddable":true,"href":"https:\/\/www.greenpeace.ch\/fr\/wp-json\/wp\/v2\/p4-page-type?post=9127"},{"taxonomy":"gpch-article-type","embeddable":true,"href":"https:\/\/www.greenpeace.ch\/fr\/wp-json\/wp\/v2\/gpch-article-type?post=9127"}],"curies":[{"name":"wp","href":"https:\/\/api.w.org\/{rel}","templated":true}]}}