{"id":9131,"date":"2003-01-16T00:00:00","date_gmt":"2003-01-15T22:00:00","guid":{"rendered":"https:\/\/master.greenpeace.ch\/press-release-fr\/9131\/lerreur-est-humaine-une-etude-montre-que-le-danger-des-erreurs-humaines-est-particulierement-eleve-dans-les-centrales-nucleaires\/"},"modified":"2019-05-30T09:13:18","modified_gmt":"2019-05-30T07:13:18","slug":"lerreur-est-humaine-une-etude-montre-que-le-danger-des-erreurs-humaines-est-particulierement-eleve-dans-les-centrales-nucleaires","status":"publish","type":"post","link":"https:\/\/www.greenpeace.ch\/fr\/communique-de-presse\/9131\/lerreur-est-humaine-une-etude-montre-que-le-danger-des-erreurs-humaines-est-particulierement-eleve-dans-les-centrales-nucleaires\/","title":{"rendered":"L&rsquo;erreur est humaine &#8211; Une \u00e9tude montre que le danger des erreurs humaines est particuli\u00e8rement \u00e9lev\u00e9 dans les centrales nucl\u00e9aires"},"content":{"rendered":"<p><b>Personne ne peut emp\u00eacher les erreurs humaines dans les centrales nucl\u00e9aires (CN). C&rsquo;est la conclusion d&rsquo;une \u00e9tude effectu\u00e9e par l&rsquo;\u00d6ko-Institut allemand sur mandat de Greenpeace. Aujourd&rsquo;hui, lors d&rsquo;une conf\u00e9rence de presse sur ce sujet, Greenpeace a en outre pr\u00e9sent\u00e9 un nouveau site internet. Ces derni\u00e8res ann\u00e9es, l&rsquo;humanit\u00e9 est pass\u00e9e plusieurs fois \u00e0 un cheveu d&rsquo;une catastrophe atomique. Dans les CN, les erreurs humaines sont possibles en tout temps, m\u00eame en Suisse \u2013 car l&rsquo;erreur est humaine et in\u00e9vitable.<\/b><\/p>\n<div>\n<p class=\"bodytext\"><span class=\"date\">Gen\u00e8ve (GE). <\/span><span class=\"text\"> Nous connaissons tous cette sensation dans notre vie courante \u2013 Oul\u00e0! quelque chose vient de mal tourner. Que ce soit parce que nous avons rang\u00e9 nos lunettes dans le r\u00e9frig\u00e9rateur ou que nous notre joli pull en laine a feutr\u00e9 dans le lave-linge. L&rsquo;erreur est humaine. Dans les CN, les erreurs humaines peuvent toutefois avoir des cons\u00e9quences catastrophiques pour des centaines de milliers de personnes. Jusqu&rsquo;\u00e0 pr\u00e9sent, ce sujet n&rsquo;\u00e9tait discut\u00e9 qu&rsquo;\u00e0 huis-clos. L&rsquo;\u00d6ko-Institut de Darmstadt vient de publier pour la premi\u00e8re fois une \u00e9tude critique sur ce sujet; sa conclusion est inqui\u00e9tante.<\/p>\n<p> L&rsquo;\u00e9tude conclut que le facteur humain est \u00ab\u00a0n\u00e9glig\u00e9 de fa\u00e7on inadmissible\u00a0\u00bb. Les \u00e9valuations quantitatives utilis\u00e9es par les autorit\u00e9s suisses pour analyser la s\u00e9curit\u00e9 d&rsquo;une CN sont insuffisantes. De meilleures \u00e9valuations ne sont pas en vue. Car comme le dit Stephan Kurth, coauteur de l&rsquo;\u00e9tude, \u00ab\u00a0La difficult\u00e9 consiste toutefois dans le fait que le moment, l&rsquo;endroit et la combinaison des erreurs ne peuvent pas \u00eatre pr\u00e9vus\u00a0\u00bb.<\/p>\n<p> Cela signifie que de consid\u00e9rer les CN suisses comme s\u00fbres n&rsquo;est que poudre aux yeux \u2013 personne ne conna\u00eet le risque r\u00e9el. Ce qui est s\u00fbr, c&rsquo;est que selon cette \u00e9tude, le facteur humain constitue \u00ab\u00a0un risque essentiel dans les CN\u00a0\u00bb. Le facteur humain \u00e9tait impliqu\u00e9 de fa\u00e7on essentielle dans les accidents connus ayant eu des cons\u00e9quences graves voire catastrophiques.<\/p>\n<p> L&rsquo;\u00e9tude montre clairement que les comportements humains erron\u00e9s ne peuvent pas \u00eatre ma\u00eetris\u00e9s \u2013 les possibilit\u00e9s d&rsquo;erreurs, de fautes et d&rsquo;infractions aux r\u00e8glements sont trop nombreuses. C&rsquo;est ce que montre aussi le nouveau site internet en allemand www.risikofaktormensch.ch, qui comporte une longue liste d&rsquo;accidents, de presque-catastrophes, d&rsquo;actes de sabotage, de fautes dues \u00e0 l&rsquo;ignorance, de n\u00e9gligences, de surmenage, de mensonges de la gestion, de dissimulations et de minimisations. Eva Geel de la campagne antinucl\u00e9aire de Greenpeace d\u00e9clare: \u00ab\u00a0Le nombre des erreurs humaines dans les CN est effrayant. Ces derni\u00e8res ann\u00e9es, seule la chance nous a \u00e9pargn\u00e9 un accident nucl\u00e9aire\u00a0\u00bb.<\/p>\n<p> Les sp\u00e9cialistes sont unanimes: dans les CN, les d\u00e9faillances humaines &#8211; par exemple \u00e0 cause d&rsquo;une pression croissante sur les co\u00fbts &#8211; vont continuer d&rsquo;augmenter. Les statistiques suisses le montrent aussi. \u00ab\u00a0Jusqu&rsquo;\u00e0 pr\u00e9sent nous avons eu de la chance\u00a0\u00bb rappel Eva Geel, \u00ab\u00a0jusqu&rsquo;\u00e0 quand?\u00a0\u00bb. C&rsquo;est pour cela que Greenpeace exige l&rsquo;arr\u00eat progressif des CN et donc la fin de leur \u00e9norme potentiel \u00e0 cr\u00e9er des catastrophes. Il ne nous reste plus qu&rsquo;\u00e0 esp\u00e9rer que la chance continue de nous sourire.<\/span><\/p>\n<\/div>\n","protected":false},"excerpt":{"rendered":"<p>Personne ne peut emp\u00eacher les erreurs humaines dans les centrales nucl\u00e9aires (CN). C&#8217;est la conclusion d&#8217;une \u00e9tude effectu\u00e9e par l&#8217;\u00d6ko-Institut allemand sur mandat de Greenpeace. Aujourd&#8217;hui, lors d&#8217;une conf\u00e9rence de&hellip;<\/p>\n","protected":false},"author":23,"featured_media":0,"comment_status":"closed","ping_status":"open","sticky":false,"template":"","format":"standard","meta":{"_acf_changed":false,"_planet4_optimize_post_is_variant":false,"_planet4_optimize_experiment_name":"","_planet4_optimize_variant_name":"","ep_exclude_from_search":false,"p4_og_title":"","p4_og_description":"","p4_og_image":"","p4_og_image_id":"","p4_seo_canonical_url":"","p4_campaign_name":"","p4_local_project":"","p4_basket_name":"","p4_department":"","footnotes":""},"categories":[22],"tags":[],"p4-page-type":[73],"gpch-article-type":[],"class_list":["post-9131","post","type-post","status-publish","format-standard","hentry","category-non-classifiee","p4-page-type-communique-de-presse"],"acf":[],"_links":{"self":[{"href":"https:\/\/www.greenpeace.ch\/fr\/wp-json\/wp\/v2\/posts\/9131","targetHints":{"allow":["GET"]}}],"collection":[{"href":"https:\/\/www.greenpeace.ch\/fr\/wp-json\/wp\/v2\/posts"}],"about":[{"href":"https:\/\/www.greenpeace.ch\/fr\/wp-json\/wp\/v2\/types\/post"}],"author":[{"embeddable":true,"href":"https:\/\/www.greenpeace.ch\/fr\/wp-json\/wp\/v2\/users\/23"}],"replies":[{"embeddable":true,"href":"https:\/\/www.greenpeace.ch\/fr\/wp-json\/wp\/v2\/comments?post=9131"}],"version-history":[{"count":0,"href":"https:\/\/www.greenpeace.ch\/fr\/wp-json\/wp\/v2\/posts\/9131\/revisions"}],"wp:attachment":[{"href":"https:\/\/www.greenpeace.ch\/fr\/wp-json\/wp\/v2\/media?parent=9131"}],"wp:term":[{"taxonomy":"category","embeddable":true,"href":"https:\/\/www.greenpeace.ch\/fr\/wp-json\/wp\/v2\/categories?post=9131"},{"taxonomy":"post_tag","embeddable":true,"href":"https:\/\/www.greenpeace.ch\/fr\/wp-json\/wp\/v2\/tags?post=9131"},{"taxonomy":"p4-page-type","embeddable":true,"href":"https:\/\/www.greenpeace.ch\/fr\/wp-json\/wp\/v2\/p4-page-type?post=9131"},{"taxonomy":"gpch-article-type","embeddable":true,"href":"https:\/\/www.greenpeace.ch\/fr\/wp-json\/wp\/v2\/gpch-article-type?post=9131"}],"curies":[{"name":"wp","href":"https:\/\/api.w.org\/{rel}","templated":true}]}}