{"id":9141,"date":"2002-12-03T00:00:00","date_gmt":"2002-12-02T22:00:00","guid":{"rendered":"https:\/\/master.greenpeace.ch\/press-release-fr\/9141\/decharge-de-bonfol-desaccord-entre-la-ci-et-la-bci\/"},"modified":"2019-05-30T09:13:34","modified_gmt":"2019-05-30T07:13:34","slug":"decharge-de-bonfol-desaccord-entre-la-ci-et-la-bci","status":"publish","type":"post","link":"https:\/\/www.greenpeace.ch\/fr\/communique-de-presse\/9141\/decharge-de-bonfol-desaccord-entre-la-ci-et-la-bci\/","title":{"rendered":"D\u00e9charge de Bonfol: d\u00e9saccord entre la CI et la BCI"},"content":{"rendered":"<p><b>La Commission d&rsquo;information (CI) sur l&rsquo;assainissement de la d\u00e9charge industrielle de Bonfol (DIB) s&rsquo;est r\u00e9unie le mercredi 4 d\u00e9cembre en s\u00e9ance pl\u00e9ni\u00e8re \u00e0 Vendlincourt. Au cours de cette s\u00e9ance, la CI a arr\u00eat\u00e9 ses priorit\u00e9s pour 2003.<\/b><\/p>\n<div>\n<p class=\"bodytext\"><span class=\"date\">Bonfol (JU). <\/span><span class=\"text\"> Ces derni\u00e8res ont \u00e9t\u00e9 vot\u00e9es \u00e0 la quasi unanimit\u00e9 par les membres de la CI moins les 2 voix des repr\u00e9sentants de la BCI. Le probl\u00e8me s&rsquo;est alors clairement pos\u00e9: la BCI refuse de valider le budget demand\u00e9 par la CI car elle refuse de financer les experts d&rsquo;accompagnement jug\u00e9s n\u00e9cessaires et tr\u00e8s utiles par tous les autres partenaires.<\/p>\n<p> Les ONG du Collectif Bonfol ne comprennent pas l&rsquo;attitude des repr\u00e9sentants de la BCI \u00e0 la CI; pourquoi la BCI s&rsquo;oppose-t-elle \u00e0 l&rsquo;ensemble des organisations et collectivit\u00e9s fran\u00e7aises et suisses alors que la demande formul\u00e9e est largement raisonnable? Le budget 2003 demand\u00e9 est de CHF 100&rsquo;000, alors que celui allou\u00e9 en 2002 \u00e9tait de CHF 115&rsquo;000 et que celui de 2001 \u00e9tait de CHF 150&rsquo;000.<\/p>\n<p> Nous attendons du conseil d&rsquo;administration de BCI-Betriebs AG qu&rsquo;il s&rsquo;attache \u00e0 construire une collaboration constructive et parfois critique avec tous les partenaires de la CI en d\u00e9bloquant le cr\u00e9dit qu&rsquo;elle demande; c&rsquo;est bien l\u00e0 le sens de la CI.<\/span><\/p>\n<\/div>\n","protected":false},"excerpt":{"rendered":"<p>La Commission d&#8217;information (CI) sur l&#8217;assainissement de la d\u00e9charge industrielle de Bonfol (DIB) s&#8217;est r\u00e9unie le mercredi 4 d\u00e9cembre en s\u00e9ance pl\u00e9ni\u00e8re \u00e0 Vendlincourt. Au cours de cette s\u00e9ance, la&hellip;<\/p>\n","protected":false},"author":23,"featured_media":0,"comment_status":"closed","ping_status":"open","sticky":false,"template":"","format":"standard","meta":{"_acf_changed":false,"_planet4_optimize_post_is_variant":false,"_planet4_optimize_experiment_name":"","_planet4_optimize_variant_name":"","ep_exclude_from_search":false,"p4_og_title":"","p4_og_description":"","p4_og_image":"","p4_og_image_id":"","p4_seo_canonical_url":"","p4_campaign_name":"","p4_local_project":"","p4_basket_name":"","p4_department":"","footnotes":""},"categories":[22],"tags":[],"p4-page-type":[73],"gpch-article-type":[],"class_list":["post-9141","post","type-post","status-publish","format-standard","hentry","category-non-classifiee","p4-page-type-communique-de-presse"],"acf":[],"_links":{"self":[{"href":"https:\/\/www.greenpeace.ch\/fr\/wp-json\/wp\/v2\/posts\/9141","targetHints":{"allow":["GET"]}}],"collection":[{"href":"https:\/\/www.greenpeace.ch\/fr\/wp-json\/wp\/v2\/posts"}],"about":[{"href":"https:\/\/www.greenpeace.ch\/fr\/wp-json\/wp\/v2\/types\/post"}],"author":[{"embeddable":true,"href":"https:\/\/www.greenpeace.ch\/fr\/wp-json\/wp\/v2\/users\/23"}],"replies":[{"embeddable":true,"href":"https:\/\/www.greenpeace.ch\/fr\/wp-json\/wp\/v2\/comments?post=9141"}],"version-history":[{"count":0,"href":"https:\/\/www.greenpeace.ch\/fr\/wp-json\/wp\/v2\/posts\/9141\/revisions"}],"wp:attachment":[{"href":"https:\/\/www.greenpeace.ch\/fr\/wp-json\/wp\/v2\/media?parent=9141"}],"wp:term":[{"taxonomy":"category","embeddable":true,"href":"https:\/\/www.greenpeace.ch\/fr\/wp-json\/wp\/v2\/categories?post=9141"},{"taxonomy":"post_tag","embeddable":true,"href":"https:\/\/www.greenpeace.ch\/fr\/wp-json\/wp\/v2\/tags?post=9141"},{"taxonomy":"p4-page-type","embeddable":true,"href":"https:\/\/www.greenpeace.ch\/fr\/wp-json\/wp\/v2\/p4-page-type?post=9141"},{"taxonomy":"gpch-article-type","embeddable":true,"href":"https:\/\/www.greenpeace.ch\/fr\/wp-json\/wp\/v2\/gpch-article-type?post=9141"}],"curies":[{"name":"wp","href":"https:\/\/api.w.org\/{rel}","templated":true}]}}