{"id":9267,"date":"2017-05-21T00:00:00","date_gmt":"2017-05-20T22:00:00","guid":{"rendered":"https:\/\/master.greenpeace.ch\/press-release-fr\/9267\/strategie-energetique-un-vote-historique-pour-la-suisse\/"},"modified":"2019-05-30T09:17:21","modified_gmt":"2019-05-30T07:17:21","slug":"strategie-energetique-un-vote-historique-pour-la-suisse","status":"publish","type":"post","link":"https:\/\/www.greenpeace.ch\/fr\/communique-de-presse\/9267\/strategie-energetique-un-vote-historique-pour-la-suisse\/","title":{"rendered":"Strat\u00e9gie \u00e9nerg\u00e9tique: un vote historique pour la Suisse !"},"content":{"rendered":"<p><strong>Greenpeace Suisse se r\u00e9jouit du fait que la Strat\u00e9gie \u00e9nerg\u00e9tique a \u00e9t\u00e9 clairement accept\u00e9e par le peuple suisse. Ce vote met la Suisse sur les rails de la transition \u00e9nerg\u00e9tique et acc\u00e9l\u00e8re la sortie du nucl\u00e9aire. Il s\u2019agit maintenant d\u2019appliquer la Loi sur l\u2019\u00e9nergie dans le respect de l\u2019environnement et de la compl\u00e9ter avec une politique climatique plus ambitieuse.<\/strong><\/p>\n<p>\u00ab\u00a0Ce OUI \u00e0 la Strat\u00e9gie \u00e9nerg\u00e9tique constitue une victoire d\u2019\u00e9tape historique pour la transition \u00e9nerg\u00e9tique\u00a0\u00bb, commente Markus Allemann, co-directeur de Greenpeace Suisse. \u00ab\u00a0D\u00e9barrasser la Suisse du nucl\u00e9aire et des \u00e9nergies fossile sera le d\u00e9fi de toute une g\u00e9n\u00e9ration. Il nous faut maintenant nous assurer d\u2019aller au bout du triathlon sortie du nucl\u00e9aire &#8211; d\u00e9veloppement des renouvelables &#8211; efficacit\u00e9 \u00e9nerg\u00e9tique, jusqu\u2019\u00e0 la mise en oeuvre de l\u2019Accord de Paris et sans faire de compromis face \u00e0 la menace nucl\u00e9aire.\u00a0\u00bb<\/p>\n<p><strong>Plus d&rsquo;informations:<\/strong><br \/>\nMathias Schlegel, porte-parole pour Greenpeace Suisse, 079 794 61 23. (Interview en fran\u00e7ais)<br \/>\nMarkus Allemann, co-directeur de Greenpeace Suisse, 079 833 15 69 (Interview en allemand)<\/p>\n","protected":false},"excerpt":{"rendered":"<p>Greenpeace Suisse se r\u00e9jouit du fait que la Strat\u00e9gie \u00e9nerg\u00e9tique a \u00e9t\u00e9 clairement accept\u00e9e par le peuple suisse. Ce vote met la Suisse sur les rails de la transition \u00e9nerg\u00e9tique&hellip;<\/p>\n","protected":false},"author":37,"featured_media":0,"comment_status":"closed","ping_status":"open","sticky":false,"template":"","format":"standard","meta":{"_acf_changed":false,"_planet4_optimize_post_is_variant":false,"_planet4_optimize_experiment_name":"","_planet4_optimize_variant_name":"","ep_exclude_from_search":false,"p4_og_title":"","p4_og_description":"","p4_og_image":"","p4_og_image_id":"","p4_seo_canonical_url":"","p4_campaign_name":"","p4_local_project":"","p4_basket_name":"","p4_department":"","footnotes":""},"categories":[22],"tags":[],"p4-page-type":[73],"gpch-article-type":[],"class_list":["post-9267","post","type-post","status-publish","format-standard","hentry","category-non-classifiee","p4-page-type-communique-de-presse"],"acf":[],"_links":{"self":[{"href":"https:\/\/www.greenpeace.ch\/fr\/wp-json\/wp\/v2\/posts\/9267","targetHints":{"allow":["GET"]}}],"collection":[{"href":"https:\/\/www.greenpeace.ch\/fr\/wp-json\/wp\/v2\/posts"}],"about":[{"href":"https:\/\/www.greenpeace.ch\/fr\/wp-json\/wp\/v2\/types\/post"}],"author":[{"embeddable":true,"href":"https:\/\/www.greenpeace.ch\/fr\/wp-json\/wp\/v2\/users\/37"}],"replies":[{"embeddable":true,"href":"https:\/\/www.greenpeace.ch\/fr\/wp-json\/wp\/v2\/comments?post=9267"}],"version-history":[{"count":0,"href":"https:\/\/www.greenpeace.ch\/fr\/wp-json\/wp\/v2\/posts\/9267\/revisions"}],"wp:attachment":[{"href":"https:\/\/www.greenpeace.ch\/fr\/wp-json\/wp\/v2\/media?parent=9267"}],"wp:term":[{"taxonomy":"category","embeddable":true,"href":"https:\/\/www.greenpeace.ch\/fr\/wp-json\/wp\/v2\/categories?post=9267"},{"taxonomy":"post_tag","embeddable":true,"href":"https:\/\/www.greenpeace.ch\/fr\/wp-json\/wp\/v2\/tags?post=9267"},{"taxonomy":"p4-page-type","embeddable":true,"href":"https:\/\/www.greenpeace.ch\/fr\/wp-json\/wp\/v2\/p4-page-type?post=9267"},{"taxonomy":"gpch-article-type","embeddable":true,"href":"https:\/\/www.greenpeace.ch\/fr\/wp-json\/wp\/v2\/gpch-article-type?post=9267"}],"curies":[{"name":"wp","href":"https:\/\/api.w.org\/{rel}","templated":true}]}}