{"id":9315,"date":"2018-01-25T00:00:00","date_gmt":"2018-01-24T22:00:00","guid":{"rendered":"https:\/\/master.greenpeace.ch\/press-release-fr\/9315\/davos-la-societe-civile-sunit-pour-delivrer-un-message-audacieux-au-world-economic-forum\/"},"modified":"2019-05-30T09:19:07","modified_gmt":"2019-05-30T07:19:07","slug":"davos-la-societe-civile-sunit-pour-delivrer-un-message-audacieux-au-world-economic-forum","status":"publish","type":"post","link":"https:\/\/www.greenpeace.ch\/fr\/communique-de-presse\/9315\/davos-la-societe-civile-sunit-pour-delivrer-un-message-audacieux-au-world-economic-forum\/","title":{"rendered":"Davos: la soci\u00e9t\u00e9 civile s&rsquo;unit pour d\u00e9livrer un message audacieux au World Economic Forum"},"content":{"rendered":"<p>Davos, jeudi 25 janvier 2018<\/p>\n<p><strong>Des militants Greenpeace ont projet\u00e9 des messages d&rsquo;Amnesty International, de Public Eye, d&rsquo;Attac Suisse, de l&rsquo;<a href=\"http:\/\/konzern-initiative.ch\/?lang=fr\">initiative pour des multinationales responsables<\/a>, de Greenpeace et d&rsquo;autres organisations sur un versant de montagne \u00e0 bonne distance du World Economic Forum (WEF). Les messages appellent les membres de l&rsquo;\u00e9lite politique et \u00e9conomique pr\u00e9sents \u00e0 Davos \u00e0 changer un syst\u00e8me \u00e9conomique injuste qui exacerbe les in\u00e9galit\u00e9s, met en p\u00e9ril l&rsquo;environnement et menace les droits humains.\u00a0<\/strong><\/p>\n<p><a href=\"http:\/\/media.greenpeace.org\/collection\/27MZIFJX3QB3Y\"><img loading=\"lazy\" decoding=\"async\" class=\" wp-image-42358\" src=\"https:\/\/www.greenpeace.ch\/static\/planet4-switzerland-stateless\/2019\/05\/42881184-42881184-gp0stri1z_medium_res-300x200.jpg\" alt=\"\" width=\"629\" height=\"419\" \/><\/a><\/p>\n<p>\u00ab\u00a0Nos messages illustrent tous la m\u00eame r\u00e9alit\u00e9\u00a0\u00bb, explique Jennifer Morgan, codirectrice ex\u00e9cutive de Greenpeace International. \u00ab\u00a0Le syst\u00e8me \u00e9conomique est malade. Les entreprises doivent cesser de tirer profit d&rsquo;activit\u00e9s qui d\u00e9truisent l&rsquo;environnement ou portent atteintes aux droits humains.\u00a0\u00bb<\/p>\n<p>A Davos, la soci\u00e9t\u00e9 civile a d\u00e9nonc\u00e9 de nombreux dysfonctionnements. Le rapport de Greenpeace \u00ab\u00a0Justice pour les peuples et la plan\u00e8te, Mettre fin \u00e0 l\u2019\u00e8re de l\u2019emprise, de la collusion et de l\u2019impunit\u00e9 des entreprises\u00a0\u00bb \u00a0analyse 20 cas particuliers o\u00f9 des politiques d&rsquo;entreprises ont aboutit \u00e0 des atteintes \u00e0 l&rsquo;environnement et aux droits humains. Il contient \u00e9galement 10 principes simples pour r\u00e9former le syst\u00e8me \u00e9conomique.<\/p>\n<p>\u00ab\u00a0Le pr\u00e9sident des \u00c9tats-Unis, qui se rend au WEF cette ann\u00e9e, est la personnification des d\u00e9rives du syst\u00e8me \u00e9conomique actuel, qui avantagent les pollueurs aux d\u00e9pends de la plan\u00e8te\u00a0\u00bb, ajoute Jennifer Morgan. \u00ab\u00a0L&rsquo;heure est venue pour l&rsquo;\u00e9lite rassembl\u00e9e au WEF d&rsquo;envisager s\u00e9rieusement les changements fondamentaux indispensables pour aboutir rapidement \u00e0 un monde viable pour tous.\u00a0\u00bb<\/p>\n<hr \/>\n<p><strong>Les messages projet\u00e9s:<\/strong><br \/>\nAmnesty International: <strong>\u00ab\u00a0Cold? You\u2019re not the only one\u2026#refugeeswelcome\u00a0\u00bb<\/strong><\/p>\n<p>European Trade Union Confederation (ETUC): <strong>\u00ab\u00a0Tackle inequality: Fair Pay &amp; Jobs for all\u00a0\u00bb<\/strong><\/p>\n<p>Fight Inequality Alliance: <strong>\u00ab\u00a0End the Age of Greed #fightinequality\u00a0\u00bb<\/strong><\/p>\n<p>Greenpeace: <strong>\u00ab\u00a0Justice for People and Planet #justice #resist\u00a0\u00bb, \u00ab\u00a0Planet Earth First #justice, #resist\u00a0\u00bb<\/strong><\/p>\n<p>International Trade Union Confederation (ITUC): <strong>\u00ab\u00a0Change the Rules\u00a0\u00bb<\/strong><\/p>\n<p>Public Eye: <strong>\u00ab\u00a0Governments, don\u2019t shmooze with corporations (regulate them)!\u00a0\u00bb<\/strong><\/p>\n<p>Attac Suisse: <strong>\u00ab\u00a0Robin Hood Tax for Global Social Justice\u00a0\u00bb<\/strong><\/p>\n<p>Swiss Coalition for Corporate Justice (initiative pour des multinationales responsables):<strong> \u00ab\u00a0Konzerne: Menschenrechte &amp; Umwelt respektieren!\u00a0\u00bb \u00ab\u00a0Multinationales: Stop aux Abus!\u00a0\u00bb<\/strong><\/p>\n<hr \/>\n<p><strong>Retrouvez des photos et des vid\u00e9os de l&rsquo;action:<\/strong> media.greenpeace.org\/collection\/27MZIFJX3QB3Y<\/p>\n<p><strong>Contacts pour les m\u00e9dias:<\/strong><br \/>\nPour contacter Jennifer Morgan, codirectrice ex\u00e9cutive de Greenpeace International, (pr\u00e9sente \u00e0 Davos), merci de passer par Leola Abraham, \u00a0+31 6 46 16 20 12, leola.abraham@greenpeace.org, interviews en anglais<\/p>\n<p>Matthias W\u00fcthrich, expert en responsabilit\u00e9 des entreprises pour Greenpeace, +41 79 704 84 09, matthias.wuethrich@greenpeace.org (pr\u00e9sent \u00e0 Davos), interviews en allemand et en anglais<\/p>\n<p>Plus d\u2019informations:<br \/>\n<a href=\"http:\/\/bit.ly\/2EQ53Mn\">Le r\u00e9sum\u00e9 du rapport \u00ab Justice pour les peuples et pour la plan\u00e8te \u00bb en fran\u00e7ais<\/a><br \/>\n<a href=\"http:\/\/bit.ly\/2ERwghI\">Le rapport entier en anglais<\/a><\/p>\n<p>&nbsp;<\/p>\n","protected":false},"excerpt":{"rendered":"<p>Davos, jeudi 25 janvier 2018 Des militants Greenpeace ont projet\u00e9 des messages d&#8217;Amnesty International, de Public Eye, d&#8217;Attac Suisse, de l&#8217;initiative pour des multinationales responsables, de Greenpeace et d&#8217;autres organisations&hellip;<\/p>\n","protected":false},"author":37,"featured_media":9317,"comment_status":"closed","ping_status":"open","sticky":false,"template":"","format":"standard","meta":{"_acf_changed":false,"_planet4_optimize_post_is_variant":false,"_planet4_optimize_experiment_name":"","_planet4_optimize_variant_name":"","ep_exclude_from_search":false,"p4_og_title":"","p4_og_description":"","p4_og_image":"","p4_og_image_id":"","p4_seo_canonical_url":"","p4_campaign_name":"","p4_local_project":"","p4_basket_name":"","p4_department":"","footnotes":""},"categories":[22],"tags":[],"p4-page-type":[73],"gpch-article-type":[],"class_list":["post-9315","post","type-post","status-publish","format-standard","has-post-thumbnail","hentry","category-non-classifiee","p4-page-type-communique-de-presse"],"acf":[],"_links":{"self":[{"href":"https:\/\/www.greenpeace.ch\/fr\/wp-json\/wp\/v2\/posts\/9315","targetHints":{"allow":["GET"]}}],"collection":[{"href":"https:\/\/www.greenpeace.ch\/fr\/wp-json\/wp\/v2\/posts"}],"about":[{"href":"https:\/\/www.greenpeace.ch\/fr\/wp-json\/wp\/v2\/types\/post"}],"author":[{"embeddable":true,"href":"https:\/\/www.greenpeace.ch\/fr\/wp-json\/wp\/v2\/users\/37"}],"replies":[{"embeddable":true,"href":"https:\/\/www.greenpeace.ch\/fr\/wp-json\/wp\/v2\/comments?post=9315"}],"version-history":[{"count":0,"href":"https:\/\/www.greenpeace.ch\/fr\/wp-json\/wp\/v2\/posts\/9315\/revisions"}],"wp:featuredmedia":[{"embeddable":true,"href":"https:\/\/www.greenpeace.ch\/fr\/wp-json\/wp\/v2\/media\/9317"}],"wp:attachment":[{"href":"https:\/\/www.greenpeace.ch\/fr\/wp-json\/wp\/v2\/media?parent=9315"}],"wp:term":[{"taxonomy":"category","embeddable":true,"href":"https:\/\/www.greenpeace.ch\/fr\/wp-json\/wp\/v2\/categories?post=9315"},{"taxonomy":"post_tag","embeddable":true,"href":"https:\/\/www.greenpeace.ch\/fr\/wp-json\/wp\/v2\/tags?post=9315"},{"taxonomy":"p4-page-type","embeddable":true,"href":"https:\/\/www.greenpeace.ch\/fr\/wp-json\/wp\/v2\/p4-page-type?post=9315"},{"taxonomy":"gpch-article-type","embeddable":true,"href":"https:\/\/www.greenpeace.ch\/fr\/wp-json\/wp\/v2\/gpch-article-type?post=9315"}],"curies":[{"name":"wp","href":"https:\/\/api.w.org\/{rel}","templated":true}]}}