{"id":93266,"date":"2023-01-09T10:54:21","date_gmt":"2023-01-09T09:54:21","guid":{"rendered":"https:\/\/www.greenpeace.ch\/article-de-magazine\/93266\/detailhandel-konzerne-und-politik-fuer-mehr-nachhaltigen-konsum\/"},"modified":"2023-01-12T16:02:51","modified_gmt":"2023-01-12T15:02:51","slug":"consommation-plus-durable","status":"publish","type":"post","link":"https:\/\/www.greenpeace.ch\/fr\/story-fr\/93266\/consommation-plus-durable\/","title":{"rendered":"Commerce de d\u00e9tail, multinationales et politique &#8211; pour une consommation plus durable"},"content":{"rendered":"\n<p><strong>En 2022, nous avons sans rel\u00e2che d\u00e9nonc\u00e9 les fausses promesses des plus gros pollueurs plastique et \u0153uvr\u00e9 pour une plus grande long\u00e9vit\u00e9 des produits. Le commerce de d\u00e9tail a \u00e9t\u00e9 au centre de notre attention, car il ne prend pas de mesures suffisantes en faveur de l\u2019\u00e9conomie circulaire et ne cesse de promouvoir des produits d\u2019origine animale n\u00e9fastes pour notre plan\u00e8te. En 2023, nous continuerons \u00e0 enqu\u00eater et \u00e0 agir en faveur d\u2019une consommation mod\u00e9r\u00e9e &#8211; pour un monde que nous esp\u00e9rons bient\u00f4t vert et pacifique.<\/strong><\/p>\n\n<h2 class=\"wp-block-heading\"><strong><strong>Le commerce de d\u00e9tail &#8211; importations de soja et publicit\u00e9s manipulatrices<\/strong><\/strong><\/h2>\n\n<p>En mai 2022, 60 militant\u00b7e\u00b7s Greenpeace ont bloqu\u00e9 pendant 15 heures l&rsquo;entr\u00e9e dans le port d\u2019Amsterdam d&rsquo;un gigantesque navire de 225 m\u00e8tres transportant 60\u2019000 tonnes de soja du Br\u00e9sil destin\u00e9 \u00e0 l&rsquo;alimentation animale. Ils ont ainsi protest\u00e9 contre notre syst\u00e8me alimentaire destructeur. Des personnes du monde entier, y compris de Suisse, les ont soutenus. Votre nom en faisait-il partie ?<\/p>\n<div data-render=\"planet4-blocks\/gallery\" data-attributes=\"{&quot;attributes&quot;:{&quot;multiple_image&quot;:&quot;93239,93233,93230,93276&quot;,&quot;image_data&quot;:[{&quot;url&quot;:&quot;https:\\\/\\\/www.greenpeace.ch\\\/static\\\/planet4-switzerland-stateless\\\/2023\\\/01\\\/227b2a91-gp1sxges_medium_res_with_credit_line.jpg&quot;,&quot;focalPoint&quot;:{&quot;x&quot;:0.5,&quot;y&quot;:0.5},&quot;id&quot;:93239},{&quot;url&quot;:&quot;https:\\\/\\\/www.greenpeace.ch\\\/static\\\/planet4-switzerland-stateless\\\/2023\\\/01\\\/45cb2687-gp1sxnj7_medium_res_with_credit_line.jpg&quot;,&quot;focalPoint&quot;:{&quot;x&quot;:0.5,&quot;y&quot;:0.5},&quot;id&quot;:93233},{&quot;url&quot;:&quot;https:\\\/\\\/www.greenpeace.ch\\\/static\\\/planet4-switzerland-stateless\\\/2023\\\/01\\\/c0cb43a0-gp1sxfzs_medium_res_with_credit_line-1.jpg&quot;,&quot;focalPoint&quot;:{&quot;x&quot;:0.5,&quot;y&quot;:0.5},&quot;id&quot;:93230},{&quot;url&quot;:&quot;https:\\\/\\\/www.greenpeace.ch\\\/static\\\/planet4-switzerland-stateless\\\/2023\\\/01\\\/63b9dd85-pxl_20220511_034801383-scaled.jpg&quot;,&quot;focalPoint&quot;:{&quot;x&quot;:0.5,&quot;y&quot;:0.5},&quot;id&quot;:93276}],&quot;gallery_block_style&quot;:0,&quot;gallery_block_title&quot;:&quot;&quot;,&quot;gallery_block_description&quot;:&quot;&quot;,&quot;gallery_block_focus_points&quot;:&quot;&quot;,&quot;images&quot;:[{&quot;image_src&quot;:&quot;https:\\\/\\\/www.greenpeace.ch\\\/static\\\/planet4-switzerland-stateless\\\/2023\\\/01\\\/227b2a91-gp1sxges_medium_res_with_credit_line.jpg&quot;,&quot;image_srcset&quot;:&quot;https:\\\/\\\/www.greenpeace.ch\\\/static\\\/planet4-switzerland-stateless\\\/2023\\\/01\\\/227b2a91-gp1sxges_medium_res_with_credit_line.jpg 1200w, https:\\\/\\\/www.greenpeace.ch\\\/static\\\/planet4-switzerland-stateless\\\/2023\\\/01\\\/227b2a91-gp1sxges_medium_res_with_credit_line-300x200.jpg 300w, https:\\\/\\\/www.greenpeace.ch\\\/static\\\/planet4-switzerland-stateless\\\/2023\\\/01\\\/227b2a91-gp1sxges_medium_res_with_credit_line-1024x683.jpg 1024w, https:\\\/\\\/www.greenpeace.ch\\\/static\\\/planet4-switzerland-stateless\\\/2023\\\/01\\\/227b2a91-gp1sxges_medium_res_with_credit_line-768x512.jpg 768w, https:\\\/\\\/www.greenpeace.ch\\\/static\\\/planet4-switzerland-stateless\\\/2023\\\/01\\\/227b2a91-gp1sxges_medium_res_with_credit_line-510x340.jpg 510w&quot;,&quot;image_sizes&quot;:false,&quot;alt_text&quot;:&quot;&quot;,&quot;caption&quot;:&quot;&quot;,&quot;focus_image&quot;:&quot;&quot;,&quot;credits&quot;:&quot;&quot;},{&quot;image_src&quot;:&quot;https:\\\/\\\/www.greenpeace.ch\\\/static\\\/planet4-switzerland-stateless\\\/2023\\\/01\\\/45cb2687-gp1sxnj7_medium_res_with_credit_line.jpg&quot;,&quot;image_srcset&quot;:&quot;https:\\\/\\\/www.greenpeace.ch\\\/static\\\/planet4-switzerland-stateless\\\/2023\\\/01\\\/45cb2687-gp1sxnj7_medium_res_with_credit_line.jpg 1200w, https:\\\/\\\/www.greenpeace.ch\\\/static\\\/planet4-switzerland-stateless\\\/2023\\\/01\\\/45cb2687-gp1sxnj7_medium_res_with_credit_line-300x200.jpg 300w, https:\\\/\\\/www.greenpeace.ch\\\/static\\\/planet4-switzerland-stateless\\\/2023\\\/01\\\/45cb2687-gp1sxnj7_medium_res_with_credit_line-1024x683.jpg 1024w, https:\\\/\\\/www.greenpeace.ch\\\/static\\\/planet4-switzerland-stateless\\\/2023\\\/01\\\/45cb2687-gp1sxnj7_medium_res_with_credit_line-768x512.jpg 768w, https:\\\/\\\/www.greenpeace.ch\\\/static\\\/planet4-switzerland-stateless\\\/2023\\\/01\\\/45cb2687-gp1sxnj7_medium_res_with_credit_line-510x340.jpg 510w&quot;,&quot;image_sizes&quot;:false,&quot;alt_text&quot;:&quot;&quot;,&quot;caption&quot;:&quot;&quot;,&quot;focus_image&quot;:&quot;&quot;,&quot;credits&quot;:&quot;&quot;},{&quot;image_src&quot;:&quot;https:\\\/\\\/www.greenpeace.ch\\\/static\\\/planet4-switzerland-stateless\\\/2023\\\/01\\\/c0cb43a0-gp1sxfzs_medium_res_with_credit_line-1.jpg&quot;,&quot;image_srcset&quot;:&quot;https:\\\/\\\/www.greenpeace.ch\\\/static\\\/planet4-switzerland-stateless\\\/2023\\\/01\\\/c0cb43a0-gp1sxfzs_medium_res_with_credit_line-1.jpg 1200w, https:\\\/\\\/www.greenpeace.ch\\\/static\\\/planet4-switzerland-stateless\\\/2023\\\/01\\\/c0cb43a0-gp1sxfzs_medium_res_with_credit_line-1-300x200.jpg 300w, https:\\\/\\\/www.greenpeace.ch\\\/static\\\/planet4-switzerland-stateless\\\/2023\\\/01\\\/c0cb43a0-gp1sxfzs_medium_res_with_credit_line-1-1024x683.jpg 1024w, https:\\\/\\\/www.greenpeace.ch\\\/static\\\/planet4-switzerland-stateless\\\/2023\\\/01\\\/c0cb43a0-gp1sxfzs_medium_res_with_credit_line-1-768x512.jpg 768w, https:\\\/\\\/www.greenpeace.ch\\\/static\\\/planet4-switzerland-stateless\\\/2023\\\/01\\\/c0cb43a0-gp1sxfzs_medium_res_with_credit_line-1-510x340.jpg 510w&quot;,&quot;image_sizes&quot;:false,&quot;alt_text&quot;:&quot;Die Greenpeace-Aktivist:innen protestieren in Niederland &quot;,&quot;caption&quot;:&quot;&quot;,&quot;focus_image&quot;:&quot;&quot;,&quot;credits&quot;:&quot;&quot;},{&quot;image_src&quot;:&quot;https:\\\/\\\/www.greenpeace.ch\\\/static\\\/planet4-switzerland-stateless\\\/2023\\\/01\\\/63b9dd85-pxl_20220511_034801383-scaled.jpg&quot;,&quot;image_srcset&quot;:&quot;https:\\\/\\\/www.greenpeace.ch\\\/static\\\/planet4-switzerland-stateless\\\/2023\\\/01\\\/63b9dd85-pxl_20220511_034801383-scaled.jpg 1920w, https:\\\/\\\/www.greenpeace.ch\\\/static\\\/planet4-switzerland-stateless\\\/2023\\\/01\\\/63b9dd85-pxl_20220511_034801383-225x300.jpg 225w, https:\\\/\\\/www.greenpeace.ch\\\/static\\\/planet4-switzerland-stateless\\\/2023\\\/01\\\/63b9dd85-pxl_20220511_034801383-768x1024.jpg 768w, https:\\\/\\\/www.greenpeace.ch\\\/static\\\/planet4-switzerland-stateless\\\/2023\\\/01\\\/63b9dd85-pxl_20220511_034801383-1152x1536.jpg 1152w, https:\\\/\\\/www.greenpeace.ch\\\/static\\\/planet4-switzerland-stateless\\\/2023\\\/01\\\/63b9dd85-pxl_20220511_034801383-1536x2048.jpg 1536w, https:\\\/\\\/www.greenpeace.ch\\\/static\\\/planet4-switzerland-stateless\\\/2023\\\/01\\\/63b9dd85-pxl_20220511_034801383-1025x1366.jpg 1025w, https:\\\/\\\/www.greenpeace.ch\\\/static\\\/planet4-switzerland-stateless\\\/2023\\\/01\\\/63b9dd85-pxl_20220511_034801383-255x340.jpg 255w&quot;,&quot;image_sizes&quot;:false,&quot;alt_text&quot;:&quot;&quot;,&quot;caption&quot;:&quot;&quot;,&quot;focus_image&quot;:&quot;&quot;,&quot;credits&quot;:&quot;&quot;}]}}\"><\/div>\n<p>En Suisse aussi, la consommation de produits d\u2019origine animale est un probl\u00e8me: <strong>les cochons et les poulets sont g\u00e9n\u00e9ralement issus de l\u2019\u00e9levage intensif et abattus principalement pour Coop et Migros.<\/strong> Les deux g\u00e9ants orange sont les principaux acteurs du march\u00e9 suisse de la viande dans tous les secteurs &#8211; importation, abattage, vente et repr\u00e9sentation au sein de l&rsquo;interprofession Proviande (plus d&rsquo;informations <a href=\"https:\/\/www.greenpeace.ch\/fr\/story-fr\/88379\/duel-sanglant-appetit-viande\/\">ici<\/a>). Le commerce de d\u00e9tail a \u00e9galement recours \u00e0 des techniques publicitaires manipulatrices pour promouvoir la viande, les produits laitiers et les \u0153ufs.&nbsp;<\/p>\n\n<h2 class=\"wp-block-heading\"><strong><strong>Publicit\u00e9s manipulatrices<\/strong><\/strong><\/h2>\n\n<p>L&rsquo;ann\u00e9e derni\u00e8re, nous avons en effet analys\u00e9 plus de 600 publicit\u00e9s, dont celles de Coop, Migros, Aldi et Lidl. Le constat est sans appel : des techniques manipulatoires sont utilis\u00e9es par les annonceurs pour l\u00e9gitimer et augmenter la consommation de produits d\u2019origine animale, sans distinction entre les produits respectueux de l&rsquo;environnement et ceux issus de l\u2019\u00e9levage intensif (plus d&rsquo;informations<a href=\"https:\/\/www.greenpeace.ch\/fr\/publication\/85098\/manipulation-publicitaire-etude-suisse\/\"> dans ce rapport<\/a>). Cette promotion, financ\u00e9e en partie avec l&rsquo;argent des contribuables, contribue \u00e0 la crise climatique et \u00e0 celle de la biodiversit\u00e9. Si vous en avez assez que la grande distribution nous incite \u00e0 surconsommer des produits qui nuisent \u00e0 notre plan\u00e8te, vous pouvez signer<a href=\"https:\/\/www.greenpeace.ch\/fr\/agir\/interdiction-publicite-aliments-origine-animale\/\"> notre p\u00e9tition<\/a> pour une interdiction de la publicit\u00e9 des produits d\u2019origine animale.<\/p>\n\n<h2 class=\"wp-block-heading\"><strong><strong>Le commerce de d\u00e9tail et l&rsquo;\u00e9conomie circulaire<\/strong><\/strong><\/h2>\n\n<p>Dans le secteur non alimentaire, nous avons \u00e9galement examin\u00e9 de pr\u00e8s la capacit\u00e9 des commerces de d\u00e9tail \u00e0 mettre en place une \u00e9conomie circulaire : il reste encore beaucoup \u00e0 faire! L\u2019\u00e9tude comparative que nous avons publi\u00e9e en juin 2022 montre d\u2019importantes diff\u00e9rences entre les douze plus grands d\u00e9taillants. Manor est le plus mal class\u00e9. M\u00eame pour le mieux not\u00e9, Migros, beaucoup d\u2019am\u00e9liorations sont possibles. Quant \u00e0 Amazon, Globus, Ikea et Otto\u2019s, ils n\u2019ont pas r\u00e9pondu \u00e0 notre enqu\u00eate. Nous demandons plus de transparence, d\u2019ambition et un meilleur cadre juridique. Pour en savoir plus, cliquez sur<a href=\"https:\/\/www.greenpeace.ch\/fr\/story-fr\/87013\/economie-circulaire-commerce-detail-retard\/\"> ce lien<\/a>.<\/p>\n\n<figure class=\"wp-block-image size-large\"><img loading=\"lazy\" decoding=\"async\" width=\"760\" height=\"1024\" src=\"https:\/\/www.greenpeace.ch\/static\/planet4-switzerland-stateless\/2023\/01\/7d639cf2-rating_schnecken_cover_illu_abgabe1_cor-760x1024.jpg\" alt=\"\" class=\"wp-image-93164\" srcset=\"https:\/\/www.greenpeace.ch\/static\/planet4-switzerland-stateless\/2023\/01\/7d639cf2-rating_schnecken_cover_illu_abgabe1_cor-760x1024.jpg 760w, https:\/\/www.greenpeace.ch\/static\/planet4-switzerland-stateless\/2023\/01\/7d639cf2-rating_schnecken_cover_illu_abgabe1_cor-223x300.jpg 223w, https:\/\/www.greenpeace.ch\/static\/planet4-switzerland-stateless\/2023\/01\/7d639cf2-rating_schnecken_cover_illu_abgabe1_cor-768x1035.jpg 768w, https:\/\/www.greenpeace.ch\/static\/planet4-switzerland-stateless\/2023\/01\/7d639cf2-rating_schnecken_cover_illu_abgabe1_cor-1139x1536.jpg 1139w, https:\/\/www.greenpeace.ch\/static\/planet4-switzerland-stateless\/2023\/01\/7d639cf2-rating_schnecken_cover_illu_abgabe1_cor-1519x2048.jpg 1519w, https:\/\/www.greenpeace.ch\/static\/planet4-switzerland-stateless\/2023\/01\/7d639cf2-rating_schnecken_cover_illu_abgabe1_cor-1013x1366.jpg 1013w, https:\/\/www.greenpeace.ch\/static\/planet4-switzerland-stateless\/2023\/01\/7d639cf2-rating_schnecken_cover_illu_abgabe1_cor-252x340.jpg 252w, https:\/\/www.greenpeace.ch\/static\/planet4-switzerland-stateless\/2023\/01\/7d639cf2-rating_schnecken_cover_illu_abgabe1_cor-scaled.jpg 1899w\" sizes=\"auto, (max-width: 760px) 100vw, 760px\" \/><figcaption class=\"wp-element-caption\">Lorsqu&rsquo;il s&rsquo;agit d&rsquo;\u00e9conomie circulaire, les d\u00e9taillants avancent \u00e0 petits pas.<\/figcaption><\/figure>\n\n<h2 class=\"wp-block-heading\"><strong><strong>Au niveau politique aussi<\/strong><\/strong><\/h2>\n\n<p>Nous ne demandons pas seulement au commerce de d\u00e9tail d&rsquo;agir, les politiques doivent \u00e9galement intervenir. Nous voulons qu\u2019un droit \u00e0 la r\u00e9paration soit inscrit dans la loi. Chacun\u00b7e doit pouvoir d\u00e9cider o\u00f9, \u00e0 quel prix et dans quelle mesure un objet d\u00e9fectueux doit pouvoir \u00eatre r\u00e9par\u00e9. Les r\u00e9parations et les pi\u00e8ces de rechange doivent \u00eatre facilement accessibles. En avril 2022, nous avons remis \u00e0 ce sujet au Parlement<a href=\"https:\/\/www.greenpeace.ch\/fr\/story-fr\/83877\/17383-personnes-demandent-un-droit-a-la-reparation\/\"> une p\u00e9tition munie de 17\u2019383 signatures<\/a>. Un grand merci pour votre soutien.<\/p>\n\n<figure class=\"wp-block-image size-large\"><img loading=\"lazy\" decoding=\"async\" width=\"1024\" height=\"681\" src=\"https:\/\/www.greenpeace.ch\/static\/planet4-switzerland-stateless\/2023\/01\/3650eb2e-gp1sxb59_medium_res_with_credit_line-1-1024x681.jpg\" alt=\"\" class=\"wp-image-93243\" srcset=\"https:\/\/www.greenpeace.ch\/static\/planet4-switzerland-stateless\/2023\/01\/3650eb2e-gp1sxb59_medium_res_with_credit_line-1-1024x681.jpg 1024w, https:\/\/www.greenpeace.ch\/static\/planet4-switzerland-stateless\/2023\/01\/3650eb2e-gp1sxb59_medium_res_with_credit_line-1-300x200.jpg 300w, https:\/\/www.greenpeace.ch\/static\/planet4-switzerland-stateless\/2023\/01\/3650eb2e-gp1sxb59_medium_res_with_credit_line-1-768x511.jpg 768w, https:\/\/www.greenpeace.ch\/static\/planet4-switzerland-stateless\/2023\/01\/3650eb2e-gp1sxb59_medium_res_with_credit_line-1-510x340.jpg 510w, https:\/\/www.greenpeace.ch\/static\/planet4-switzerland-stateless\/2023\/01\/3650eb2e-gp1sxb59_medium_res_with_credit_line-1.jpg 1200w\" sizes=\"auto, (max-width: 1024px) 100vw, 1024px\" \/><figcaption class=\"wp-element-caption\">Remise de p\u00e9tition \u00e0 Berne.<\/figcaption><\/figure>\n\n<h2 class=\"wp-block-heading\"><strong><strong>Les multinationales et leur production infinie de plastique<\/strong><\/strong><\/h2>\n\n<p>En 2022, Coca-Cola, PepsiCo et Nestl\u00e9 sont toujours les trois plus gros pollueurs plastique au monde. Depuis 2018, plus de 200\u2019000 b\u00e9n\u00e9voles ont r\u00e9alis\u00e9 des nettoyages et des audits de marques dans 87 pays afin d\u2019identifier les entreprises qui contribuent le plus \u00e0 la pollution plastique. Coca-Cola Company arrive en t\u00eate. Au cours des cinq derni\u00e8res ann\u00e9es, les volontaires ont collect\u00e9 davantage de d\u00e9chets de cette marque que chez les deux plus gros pollueurs suivants r\u00e9unis. <\/p>\n\n<p>Les r\u00e9sultats montrent que les mesures volontaires du secteur priv\u00e9 ne suffisent pas \u00e0 r\u00e9soudre la crise du plastique. Le mouvement Break Free From Plastic dont nous faisons partie demande donc un accord international ambitieux et contraignant sur le plastique.<\/p>\n\n<figure class=\"wp-block-embed is-type-video is-provider-youtube wp-block-embed-youtube wp-embed-aspect-16-9 wp-has-aspect-ratio\"><div class=\"wp-block-embed__wrapper\">\n<lite-youtube style=\"background-image: url('https:\/\/i.ytimg.com\/vi\/ezzpps6z_zg\/hqdefault.jpg');\" videoid=\"ezzpps6z_zg\" params=\"rel=0&#038;enablejsapi=1&#038;origin=https%3A%2F%2Fwww.greenpeace.ch&#038;cc_load_policy=1\"><\/lite-youtube>\n<\/div><\/figure>\n\n<h2 class=\"wp-block-heading\"><strong><strong>2023 &#8211; Plus d\u00e9termin\u00e9 que jamais!<\/strong><\/strong><\/h2>\n\n<p>En 2023, \u00e0 l\u2019\u00e9chelle internationale, nous resterons actifs lors des n\u00e9gociations du trait\u00e9 sur les plastiques pour mettre fin \u00e0 l\u2019\u00e8re du tout jetable. En Suisse, nous continuerons d\u2019agir pour que la grande distribution applique les principes de l\u2019\u00e9conomie circulaire et propose dans ses rayons des aliments qui ne nuisent ni au climat, ni \u00e0 la biodiversit\u00e9.&nbsp;&nbsp;<\/p>\n\n<p><strong>Sans vous, rien ne serait possible. <\/strong>Nous vous remercions chaleureusement pour votre soutien et nous nous r\u00e9jouissons de nous engager avec vous pour une consommation respectueuse des limites plan\u00e9taires.<\/p>\n\n<div class=\"wp-block-buttons is-layout-flex wp-block-buttons-is-layout-flex\">\n<div class=\"wp-block-button\"><a class=\"wp-block-button__link wp-element-button\" href=\"https:\/\/www.greenpeace.ch\/fr\/explorer\/consommation\/\">En savoir plus sur la consommation durable<\/a><\/div>\n<\/div>\n","protected":false},"excerpt":{"rendered":"<p>En 2022, nous avons sans rel\u00e2che d\u00e9nonc\u00e9 les fausses promesses des plus gros pollueurs plastique et \u0153uvr\u00e9 pour une plus grande long\u00e9vit\u00e9 des produits. Le commerce de d\u00e9tail a \u00e9t\u00e9 au centre de notre attention, car il ne prend pas de mesures suffisantes en faveur de l\u2019\u00e9conomie circulaire et ne cesse de promouvoir des produits d\u2019origine animale n\u00e9fastes pour notre plan\u00e8te. <\/p>\n","protected":false},"author":50,"featured_media":93281,"comment_status":"closed","ping_status":"closed","sticky":false,"template":"","format":"standard","meta":{"_acf_changed":false,"_planet4_optimize_post_is_variant":false,"_planet4_optimize_experiment_name":"","_planet4_optimize_variant_name":"","ep_exclude_from_search":false,"p4_og_title":"","p4_og_description":"","p4_og_image":"","p4_og_image_id":"","p4_seo_canonical_url":"","p4_campaign_name":"not set","p4_local_project":"not set","p4_basket_name":"not set","p4_department":"","footnotes":""},"categories":[149,149],"tags":[74,113,213,218],"p4-page-type":[77],"gpch-article-type":[],"class_list":{"0":"post-93266","1":"post","2":"type-post","3":"status-publish","4":"format-standard","5":"has-post-thumbnail","6":"hentry","7":"category-zero-waste-fr","9":"tag-zero-dechet","10":"tag-alimentation","11":"tag-economie-circulaire","12":"tag-consommation","13":"p4-page-type-story-fr"},"acf":[],"_links":{"self":[{"href":"https:\/\/www.greenpeace.ch\/fr\/wp-json\/wp\/v2\/posts\/93266","targetHints":{"allow":["GET"]}}],"collection":[{"href":"https:\/\/www.greenpeace.ch\/fr\/wp-json\/wp\/v2\/posts"}],"about":[{"href":"https:\/\/www.greenpeace.ch\/fr\/wp-json\/wp\/v2\/types\/post"}],"author":[{"embeddable":true,"href":"https:\/\/www.greenpeace.ch\/fr\/wp-json\/wp\/v2\/users\/50"}],"replies":[{"embeddable":true,"href":"https:\/\/www.greenpeace.ch\/fr\/wp-json\/wp\/v2\/comments?post=93266"}],"version-history":[{"count":0,"href":"https:\/\/www.greenpeace.ch\/fr\/wp-json\/wp\/v2\/posts\/93266\/revisions"}],"wp:featuredmedia":[{"embeddable":true,"href":"https:\/\/www.greenpeace.ch\/fr\/wp-json\/wp\/v2\/media\/93281"}],"wp:attachment":[{"href":"https:\/\/www.greenpeace.ch\/fr\/wp-json\/wp\/v2\/media?parent=93266"}],"wp:term":[{"taxonomy":"category","embeddable":true,"href":"https:\/\/www.greenpeace.ch\/fr\/wp-json\/wp\/v2\/categories?post=93266"},{"taxonomy":"post_tag","embeddable":true,"href":"https:\/\/www.greenpeace.ch\/fr\/wp-json\/wp\/v2\/tags?post=93266"},{"taxonomy":"p4-page-type","embeddable":true,"href":"https:\/\/www.greenpeace.ch\/fr\/wp-json\/wp\/v2\/p4-page-type?post=93266"},{"taxonomy":"gpch-article-type","embeddable":true,"href":"https:\/\/www.greenpeace.ch\/fr\/wp-json\/wp\/v2\/gpch-article-type?post=93266"}],"curies":[{"name":"wp","href":"https:\/\/api.w.org\/{rel}","templated":true}]}}