{"id":9370,"date":"2018-10-10T00:00:00","date_gmt":"2018-10-09T22:00:00","guid":{"rendered":"https:\/\/master.greenpeace.ch\/press-release-fr\/9370\/pollution-plastique-migros-coop-et-les-autres-parlent-sans-agir\/"},"modified":"2019-05-30T09:21:04","modified_gmt":"2019-05-30T07:21:04","slug":"pollution-plastique-migros-coop-et-les-autres-parlent-sans-agir","status":"publish","type":"post","link":"https:\/\/www.greenpeace.ch\/fr\/communique-de-presse\/9370\/pollution-plastique-migros-coop-et-les-autres-parlent-sans-agir\/","title":{"rendered":"Pollution plastique : Migros, Coop et les autres parlent sans agir"},"content":{"rendered":"<p><strong>Les principaux acteurs du secteur du commerce de d\u00e9tail refusent de faire preuve de transparence en ce qui concerne la pollution g\u00e9n\u00e9r\u00e9e par leur utilisation de plastique et d&#8217;emballages. C&rsquo;est ce que montrent les r\u00e9ponses au sondage de Greenpeace Suisse, compil\u00e9s dans\u00a0<a href=\"https:\/\/www.greenpeace.ch\/wp-content\/uploads\/2016\/06\/20181009_Greenpeace_Gaspillage_FR.pdf\" target=\"_blank\" rel=\"noopener noreferrer\">un rapport publi\u00e9 aujourd&rsquo;hui<\/a>\u00a0par l&rsquo;organisation. Greenpeace exige plus de transparence des principales entreprises de la branche et un engagement vers un objectif \u00ab\u00a0z\u00e9ro d\u00e9chets\u00a0\u00bb.\u00a0<\/strong><\/p>\n<p>Les Suisses produisent beaucoup de d\u00e9chets. Avec environ 700 kg par personnes et par ann\u00e9e, ils sont parmi les champions du monde. Les emballages repr\u00e9sentent environ un tiers du total. Les cha\u00eenes de d\u00e9taillants vendent souvent leurs produits avec trop de plastique et de mat\u00e9riel d&#8217;emballage, et jouent de ce fait un r\u00f4le pr\u00e9pond\u00e9rant dans la production de d\u00e9chets. Greenpeace Suisse a fait parvenir au d\u00e9but de l&rsquo;\u00e9t\u00e9 un questionnaire aux principaux acteurs du secteurs afin de mesurer l&rsquo;impact de leur utilisation de plastique.<\/p>\n<p><strong>Absence de transparence<\/strong><br \/>\nLes r\u00e9sultats obtenus sont un dur rappel \u00e0 la r\u00e9alit\u00e9. Toutes les cha\u00eenes de supermarch\u00e9 interrog\u00e9es refusent de rendre public les quantit\u00e9s annuelles de plastique et d&#8217;emballages qu&rsquo;elles g\u00e9n\u00e8rent. Certaines de ces entreprises se sont engag\u00e9es en faveur de l&rsquo;\u00e9conomie circulaire, mais aucune ne s&rsquo;est fix\u00e9 d&rsquo;objectifs contraignant en termes de r\u00e9duction. Elles ne se montrent pas plus transparente lorsqu&rsquo;il s&rsquo;agit des d\u00e9tails de mesures concr\u00e8tes et privil\u00e9gient avant tout le recyclage. Coop et Migros pratiquent \u00ab\u00a0l&rsquo;optimisation \u00e9cologique\u00a0\u00bb sur certains articles, sans que ses avantages \u00e9cologiques soient clairement d\u00e9montr\u00e9s. \u00ab\u00a0Ce n&rsquo;est pas cr\u00e9dible de pratiquer l&rsquo;optimisation \u00e9cologique d&rsquo;un c\u00f4t\u00e9 tout en continuant de mettre sur le march\u00e9 des emballages de confort et des produits jetables\u00a0\u00bb, argumente Marco Pfister, expert de la question du plastique pour Greenpeace Suisse. Au regard de l&rsquo;absence de transparence sur ces questions, Greenpeace conclut que les principaux acteurs du commerce de d\u00e9tail ne prennent pas la mesure du probl\u00e8me. Il se peut aussi qu&rsquo;ils redoutent un dommage \u00e0 leur r\u00e9putation si l&rsquo;immense gaspillage de ressources naturelles dont elles sont responsables devaient \u00eatre mis en lumi\u00e8re.<\/p>\n<p><strong>La responsabilit\u00e9 du commerce de d\u00e9tail<\/strong><br \/>\n\u00ab\u00a0Nous exigeons des entreprises du secteur du commerce de d\u00e9tail qu\u2019elles assument enfin la responsabilit\u00e9 qui est la leur et qu\u2019elles r\u00e9duisent le recours au plastique et aux emballages\u00a0\u00bb, d\u00e9clare Marco Pfister. Greenpeace demande aux acteur du secteur de s\u2019engager vers un objectif z\u00e9ro d\u00e9chets incin\u00e9r\u00e9s ou d\u00e9pos\u00e9 en d\u00e9charge et de d\u00e9velopper des strat\u00e9gies pour y parvenir. La transparence joue un r\u00f4le essentiel pour mesurer le succ\u00e8s des ces mesures. \u201cLe temps des mesures cosm\u00e9tiques est r\u00e9volu\u201d, conclut Marco Pfister. \u201cLe supermarch\u00e9 du futur sera lib\u00e9r\u00e9 des emballages jetables.<\/p>\n<p><em>La publication du rapport constitue le point de d\u00e9part d\u2019une campagne en ligne appelant les principaux acteurs du secteur du commerce de d\u00e9tail \u00e0 sortir de la culture du jetable.\u00a0<\/em><\/p>\n<p><strong>Le rapport \u00ab\u00a0Optimisation \u00e9cologique du gaspillage\u00a0\u00bb:<\/strong><br \/>\n<a href=\"https:\/\/www.greenpeace.ch\/wp-content\/uploads\/2016\/06\/20181009_Greenpeace_Gaspillage_FR.pdf\" target=\"_blank\" rel=\"noopener noreferrer\">act.gp\/2IJ9JXo<\/a><\/p>\n<p><strong>Plus d\u2019informations:<\/strong><br \/>\nMarco Pfister, Marco Pfister, expert de la question du plastique pour Greenpeace Suisse, +41 76 532 73 97<br \/>\nMathias Schlegel, porte-parole pour Greenpeace Suisse, +41 79 794 61 23<\/p>\n","protected":false},"excerpt":{"rendered":"<p>Les principaux acteurs du secteur du commerce de d\u00e9tail refusent de faire preuve de transparence en ce qui concerne la pollution g\u00e9n\u00e9r\u00e9e par leur utilisation de plastique et d&#8217;emballages. C&#8217;est&hellip;<\/p>\n","protected":false},"author":37,"featured_media":0,"comment_status":"closed","ping_status":"open","sticky":false,"template":"","format":"standard","meta":{"_acf_changed":false,"_planet4_optimize_post_is_variant":false,"_planet4_optimize_experiment_name":"","_planet4_optimize_variant_name":"","ep_exclude_from_search":false,"p4_og_title":"","p4_og_description":"","p4_og_image":"","p4_og_image_id":"","p4_seo_canonical_url":"","p4_campaign_name":"","p4_local_project":"","p4_basket_name":"","p4_department":"","footnotes":""},"categories":[22],"tags":[74],"p4-page-type":[73],"gpch-article-type":[],"class_list":["post-9370","post","type-post","status-publish","format-standard","hentry","category-non-classifiee","tag-zero-dechet","p4-page-type-communique-de-presse"],"acf":[],"_links":{"self":[{"href":"https:\/\/www.greenpeace.ch\/fr\/wp-json\/wp\/v2\/posts\/9370","targetHints":{"allow":["GET"]}}],"collection":[{"href":"https:\/\/www.greenpeace.ch\/fr\/wp-json\/wp\/v2\/posts"}],"about":[{"href":"https:\/\/www.greenpeace.ch\/fr\/wp-json\/wp\/v2\/types\/post"}],"author":[{"embeddable":true,"href":"https:\/\/www.greenpeace.ch\/fr\/wp-json\/wp\/v2\/users\/37"}],"replies":[{"embeddable":true,"href":"https:\/\/www.greenpeace.ch\/fr\/wp-json\/wp\/v2\/comments?post=9370"}],"version-history":[{"count":0,"href":"https:\/\/www.greenpeace.ch\/fr\/wp-json\/wp\/v2\/posts\/9370\/revisions"}],"wp:attachment":[{"href":"https:\/\/www.greenpeace.ch\/fr\/wp-json\/wp\/v2\/media?parent=9370"}],"wp:term":[{"taxonomy":"category","embeddable":true,"href":"https:\/\/www.greenpeace.ch\/fr\/wp-json\/wp\/v2\/categories?post=9370"},{"taxonomy":"post_tag","embeddable":true,"href":"https:\/\/www.greenpeace.ch\/fr\/wp-json\/wp\/v2\/tags?post=9370"},{"taxonomy":"p4-page-type","embeddable":true,"href":"https:\/\/www.greenpeace.ch\/fr\/wp-json\/wp\/v2\/p4-page-type?post=9370"},{"taxonomy":"gpch-article-type","embeddable":true,"href":"https:\/\/www.greenpeace.ch\/fr\/wp-json\/wp\/v2\/gpch-article-type?post=9370"}],"curies":[{"name":"wp","href":"https:\/\/api.w.org\/{rel}","templated":true}]}}