{"id":95251,"date":"2023-03-09T13:16:02","date_gmt":"2023-03-09T12:16:02","guid":{"rendered":"https:\/\/www.greenpeace.ch\/?p=95251"},"modified":"2023-03-09T13:26:35","modified_gmt":"2023-03-09T12:26:35","slug":"politique-agricole-au-point-mort-jusquen-2030","status":"publish","type":"post","link":"https:\/\/www.greenpeace.ch\/fr\/communique-de-presse\/95251\/politique-agricole-au-point-mort-jusquen-2030\/","title":{"rendered":"Politique agricole au point mort jusqu\u2019en 2030"},"content":{"rendered":"\n<p><\/p>\n\n<p>Communiqu\u00e9 commun de l&rsquo;Alliance environnementale <\/p>\n\n<p><strong>Le Conseil national a approuv\u00e9 un mini train de mesures de politique agricole qui n\u2019aborde pas les d\u00e9fis urgents dans le domaine du climat et de l\u2019environnement. En laissant passer cette chance, il affaiblit la position de l\u2019agriculture suisse sur le march\u00e9.&nbsp;<\/strong><\/p>\n\n<p>Les d\u00e9bats portant sur la nouvelle politique agricole 22+ sont un bel exemple de la mani\u00e8re dont un message \u00e9quilibr\u00e9 du Conseil f\u00e9d\u00e9ral peut \u00eatre d\u00e9membr\u00e9 et r\u00e9duit \u00e0 un minimum absolu. Avant les d\u00e9bats, le Conseil f\u00e9d\u00e9ral avait d\u00e9j\u00e0 totalement aplani la base l\u00e9gislative sous la pression du lobby agricole. On nie la crise de la biodiversit\u00e9 et celle du climat, comme si elles n\u2019existaient pas! Remettre les d\u00e9cisions n\u2019est toutefois pas une strat\u00e9gie judicieuse.&nbsp;<\/p>\n\n<p>Aujourd\u2019hui, le Conseil national a rejet\u00e9 toutes les propositions visant \u00e0 am\u00e9liorer le projet dans le domaine de l\u2019environnement. Au moins, il n&rsquo;a pas limit\u00e9 le droit des organisations habilit\u00e9es \u00e0 se porter partie. Ainsi, la nature et la sant\u00e9 publique continuent \u00e0 avoir une voix dans le processus d\u2019homologation des pesticides potentiellement dangereux.<\/p>\n\n<p>En revanche, la politique agricole, elle, est au point mort jusqu\u2019\u00e0 la nouvelle mouture PA2030. Alors m\u00eame que les scientifiques ont clairement montr\u00e9 que nous mettons ainsi les bases de la production alimentaire en danger: si la fertilit\u00e9 des sols et la biodiversit\u00e9 continuent de reculer, le rendement agricole est n\u00e9gativement impact\u00e9 (<a href=\"https:\/\/www.cde.unibe.ch\/research\/cde_series\/wenn_bodenfruchtbarkeit_und_biodiversitaet_weiter_abnehmen_werden_die_ertraege_sinken\/index_eng.html?utm_source=sfmc&amp;utm_medium=email&amp;utm_campaign=2023_03_09_MM_AP_Positive_FR&amp;&amp;&amp;&amp;&amp;\">article en allemand<\/a>).\u00a0<\/p>\n\n<p>Malgr\u00e9 cela, le Conseil national refuse de tenir compte de la capacit\u00e9 de charge des \u00e9cosyst\u00e8mes dans la d\u00e9termination des prestations \u00e9cologiques requises pour les paiements directs. Il refuse \u00e9galement d\u2019inscrire dans la loi les objectifs climatiques pour l\u2019agriculture et le secteur agroalimentaire. Il n\u2019y a pas de raison que des objectifs l\u00e9gaux aient \u00e9t\u00e9 fix\u00e9s pour tous les autres secteurs mais pas pour l\u2019agriculture. L\u2019UE a elle aussi d\u00e9fini des objectifs climatiques ambitieux pour le secteur agricole. En agissant ainsi, le Conseil national refuse de fournir \u00e0 la branche le soutien n\u00e9cessaire pour sa transformation ver une agriculture respectueuse du climat.<\/p>\n\n<p>Avec cette politique de stagnation, l&rsquo;agriculture suisse prend du retard dans son adaptation aux d\u00e9fis de notre \u00e9poque et dans le d\u00e9veloppement d\u2019un syst\u00e8me alimentaire r\u00e9silient. Son positionnement sur le march\u00e9 ne peut que s&rsquo;en trouver affaibli.<\/p>\n\n<p><\/p>\n\n<p><strong>Contacts<\/strong><\/p>\n\n<ul class=\"wp-block-list\">\n<li>WWF Suisse: C\u00e9dric Jacot-Guillarmod, Porte-parole WWF Suisse romande, cedric.jacot-guillarmod@wwf.ch, 079 445 87 79<\/li>\n\n\n\n<li>BirdLife Suisse: Patrik Peyer, directeur de projet Agriculture, BirdLife Suisse, patrik.peyer@birdlife.ch, 044 457 70 26<\/li>\n\n\n\n<li>Pro Natura: Sarah Pearson-Perret, secr\u00e9taire romande, 079 688 72 24, sarah.pearsonperret@pronatura.ch&nbsp;<\/li>\n\n\n\n<li>Greenpeace Suisse: Alexandra Gavilano, cheffe de projet Syst\u00e8me alimentaire durable, alexandra.gavilano@greenpeace.org, 044 447 41 38<\/li>\n<\/ul>\n","protected":false},"excerpt":{"rendered":"<p>Le Conseil national a approuv\u00e9 un mini train de mesures de politique agricole qui n\u2019aborde pas les d\u00e9fis urgents dans le domaine du climat et de l\u2019environnement. En laissant passer cette chance, il affaiblit la position de l\u2019agriculture suisse sur le march\u00e9. <\/p>\n","protected":false},"author":76,"featured_media":95256,"comment_status":"closed","ping_status":"closed","sticky":false,"template":"","format":"standard","meta":{"_acf_changed":false,"_planet4_optimize_post_is_variant":false,"_planet4_optimize_experiment_name":"","_planet4_optimize_variant_name":"","ep_exclude_from_search":false,"p4_og_title":"","p4_og_description":"","p4_og_image":"","p4_og_image_id":"","p4_seo_canonical_url":"","p4_campaign_name":"","p4_local_project":"","p4_basket_name":"","p4_department":"","footnotes":""},"categories":[22],"tags":[113,218],"p4-page-type":[73],"gpch-article-type":[],"class_list":["post-95251","post","type-post","status-publish","format-standard","has-post-thumbnail","hentry","category-non-classifiee","tag-alimentation","tag-consommation","p4-page-type-communique-de-presse"],"acf":[],"_links":{"self":[{"href":"https:\/\/www.greenpeace.ch\/fr\/wp-json\/wp\/v2\/posts\/95251","targetHints":{"allow":["GET"]}}],"collection":[{"href":"https:\/\/www.greenpeace.ch\/fr\/wp-json\/wp\/v2\/posts"}],"about":[{"href":"https:\/\/www.greenpeace.ch\/fr\/wp-json\/wp\/v2\/types\/post"}],"author":[{"embeddable":true,"href":"https:\/\/www.greenpeace.ch\/fr\/wp-json\/wp\/v2\/users\/76"}],"replies":[{"embeddable":true,"href":"https:\/\/www.greenpeace.ch\/fr\/wp-json\/wp\/v2\/comments?post=95251"}],"version-history":[{"count":0,"href":"https:\/\/www.greenpeace.ch\/fr\/wp-json\/wp\/v2\/posts\/95251\/revisions"}],"wp:featuredmedia":[{"embeddable":true,"href":"https:\/\/www.greenpeace.ch\/fr\/wp-json\/wp\/v2\/media\/95256"}],"wp:attachment":[{"href":"https:\/\/www.greenpeace.ch\/fr\/wp-json\/wp\/v2\/media?parent=95251"}],"wp:term":[{"taxonomy":"category","embeddable":true,"href":"https:\/\/www.greenpeace.ch\/fr\/wp-json\/wp\/v2\/categories?post=95251"},{"taxonomy":"post_tag","embeddable":true,"href":"https:\/\/www.greenpeace.ch\/fr\/wp-json\/wp\/v2\/tags?post=95251"},{"taxonomy":"p4-page-type","embeddable":true,"href":"https:\/\/www.greenpeace.ch\/fr\/wp-json\/wp\/v2\/p4-page-type?post=95251"},{"taxonomy":"gpch-article-type","embeddable":true,"href":"https:\/\/www.greenpeace.ch\/fr\/wp-json\/wp\/v2\/gpch-article-type?post=95251"}],"curies":[{"name":"wp","href":"https:\/\/api.w.org\/{rel}","templated":true}]}}