{"id":95286,"date":"2023-03-10T12:40:03","date_gmt":"2023-03-10T11:40:03","guid":{"rendered":"https:\/\/www.greenpeace.ch\/?p=95286"},"modified":"2023-03-10T12:40:06","modified_gmt":"2023-03-10T11:40:06","slug":"douze-ans-fukushima","status":"publish","type":"post","link":"https:\/\/www.greenpeace.ch\/fr\/communique-de-presse\/95286\/douze-ans-fukushima\/","title":{"rendered":"Douze ans depuis l&rsquo;accident de Fukushima: le nucl\u00e9aire n&rsquo;a pas d&rsquo;avenir"},"content":{"rendered":"\n<p><strong>Le 11 mars 2011, plusieurs syst\u00e8mes de refroidissement de la centrale nucl\u00e9aire japonaise de Fukushima se sont arr\u00eat\u00e9s. Les cons\u00e9quences de cet accident se font encore sentir aujourd&rsquo;hui. Pourtant, la semaine prochaine, le Conseil national se penchera sur la construction de nouvelles centrales nucl\u00e9aires. \u00ab\u00a0C&rsquo;est une pure perte de temps. Les nouvelles centrales nucl\u00e9aires ne r\u00e9solvent ni les probl\u00e8mes d&rsquo;approvisionnement ni la crise climatique\u00a0\u00bb, d\u00e9clare Florian Kasser, expert des questions nucl\u00e9aires pour Greenpeace Suisse.<\/strong><\/p>\n\n<p>La semaine prochaine, le Conseil national discutera de de la loi f\u00e9d\u00e9ral \u00abApprovisionnement en \u00e9lectricit\u00e9 s\u00fbr reposant sur des \u00e9nergies renouvelables\u00bb. Certains parlementaires s&rsquo;engagent \u00e0 cette occasion en faveur de la construction de nouvelles centrales nucl\u00e9aires, presque douze ans jour pour jour apr\u00e8s le d\u00e9but de la catastrophe nucl\u00e9aire de Fukushima au Japon.<\/p>\n\n<p>Le 11 mars 2011, un tremblement de terre a secou\u00e9 la c\u00f4te japonaise. Plusieurs syst\u00e8mes de refroidissement de la centrale nucl\u00e9aire de Fukushima se sont alors mis \u00e0 l\u2019arr\u00eat. De grandes quantit\u00e9s de substances radioactives ont contamin\u00e9 les zones alentours.<\/p>\n\n<p>Les cons\u00e9quences d\u00e9vastatrices sont encore perceptibles aujourd&rsquo;hui. Les niveaux de radiation toujours \u00e9lev\u00e9s compliquent les travaux de nettoyage qui se poursuivront encore longtemps. L&rsquo;installation continue de lib\u00e9rer de la radioactivit\u00e9 dans l&rsquo;environnement. Pr\u00e8s de 100 000 litres d&rsquo;eau sont n\u00e9cessaires chaque jour pour refroidir les trois r\u00e9acteurs accident\u00e9s. La soci\u00e9t\u00e9 d&rsquo;exploitation Tokyo Electric Power Company (TEPCO) pr\u00e9voit de rejeter de l&rsquo;eau radioactive dans la mer dans les prochains mois.<\/p>\n\n<p>Pour Florian Kasser, expert nucl\u00e9aire chez Greenpeace Suisse, une chose est claire. \u00ab\u00a0Le risque d\u2019accident existe pour tous les r\u00e9acteurs dans le monde. <a href=\"https:\/\/www.greenpeace.ch\/static\/planet4-switzerland-stateless\/2022\/03\/20220308-Factsheet-Le-nucleaire-ne-sauvera-pas-le-climat-Greenpeace-Suisse.pdf\" target=\"_blank\" rel=\"noreferrer noopener\">Des nouvelles centrales nucl\u00e9aires ne r\u00e9solvent ni les probl\u00e8mes d&rsquo;approvisionnement ni la crise climatique.<\/a> Discuter la possibilit\u00e9 de construire de nouvelles installations nucl\u00e9aires est une pure perte de temps. Il est tout \u00e0 fait improbable qu&rsquo;un nouveau r\u00e9acteur soit construit en Suisse dans la prochaine d\u00e9cennie. De plus, l&rsquo;\u00e9nergie nucl\u00e9aire rend la Suisse d\u00e9pendante de l&rsquo;\u00e9tranger. On le voit bien avec <a href=\"https:\/\/www.greenpeace.ch\/fr\/communique-de-presse\/83210\/ukraine-axpo-uranium-russe\/\" target=\"_blank\" rel=\"noreferrer noopener\">les centrales nucl\u00e9aires de Beznau et Leibstadt qui s&rsquo;approvisionnent en combustible nucl\u00e9aire en Russie<\/a>\u00ab\u00a0.<\/p>\n\n<p><a href=\"https:\/\/www.greenpeace.ch\/fr\/communique-de-presse\/80086\/energy-revolution-solar-sprint\/\" target=\"_blank\" rel=\"noreferrer noopener\">La solution pour un approvisionnement \u00e9nerg\u00e9tique s\u00fbr<\/a> passe par des progr\u00e8s rapides en mati\u00e8re d&rsquo;efficacit\u00e9 \u00e9nerg\u00e9tique et un essor des \u00e9nergies renouvelables &#8211; en premier lieu le d\u00e9veloppement d\u2019installations solaires sur les infrastructures existantes.<\/p>\n\n<h4 class=\"wp-block-heading\">Contact:<\/h4>\n\n<p><br>Florian Kasser, expert des questions nucl\u00e9aires pour Greenpeace Suisse, 076 345 26 55, florian.kasser@greenpeace.org<br>Mathias Schlegel, porte-parole pour Greenpeace Suisse, +41 79 794 61 23, mathias.schlegel@greenpeace.org<\/p>\n","protected":false},"excerpt":{"rendered":"<p>Les cons\u00e9quences de l&rsquo;accident de Fukushima se font encore sentir aujourd&rsquo;hui. Pourtant, la semaine prochaine, le Conseil national se penchera sur la construction de nouvelles centrales nucl\u00e9aires. C&rsquo;est une pure perte de temps.<\/p>\n","protected":false},"author":37,"featured_media":95289,"comment_status":"closed","ping_status":"closed","sticky":false,"template":"","format":"standard","meta":{"_acf_changed":false,"_planet4_optimize_post_is_variant":false,"_planet4_optimize_experiment_name":"","_planet4_optimize_variant_name":"","ep_exclude_from_search":false,"p4_og_title":"","p4_og_description":"","p4_og_image":"","p4_og_image_id":"","p4_seo_canonical_url":"","p4_campaign_name":"","p4_local_project":"","p4_basket_name":"","p4_department":"","footnotes":""},"categories":[22],"tags":[58,197],"p4-page-type":[73],"gpch-article-type":[],"class_list":["post-95286","post","type-post","status-publish","format-standard","has-post-thumbnail","hentry","category-non-classifiee","tag-climat","tag-energie-fr","p4-page-type-communique-de-presse"],"acf":[],"_links":{"self":[{"href":"https:\/\/www.greenpeace.ch\/fr\/wp-json\/wp\/v2\/posts\/95286","targetHints":{"allow":["GET"]}}],"collection":[{"href":"https:\/\/www.greenpeace.ch\/fr\/wp-json\/wp\/v2\/posts"}],"about":[{"href":"https:\/\/www.greenpeace.ch\/fr\/wp-json\/wp\/v2\/types\/post"}],"author":[{"embeddable":true,"href":"https:\/\/www.greenpeace.ch\/fr\/wp-json\/wp\/v2\/users\/37"}],"replies":[{"embeddable":true,"href":"https:\/\/www.greenpeace.ch\/fr\/wp-json\/wp\/v2\/comments?post=95286"}],"version-history":[{"count":0,"href":"https:\/\/www.greenpeace.ch\/fr\/wp-json\/wp\/v2\/posts\/95286\/revisions"}],"wp:featuredmedia":[{"embeddable":true,"href":"https:\/\/www.greenpeace.ch\/fr\/wp-json\/wp\/v2\/media\/95289"}],"wp:attachment":[{"href":"https:\/\/www.greenpeace.ch\/fr\/wp-json\/wp\/v2\/media?parent=95286"}],"wp:term":[{"taxonomy":"category","embeddable":true,"href":"https:\/\/www.greenpeace.ch\/fr\/wp-json\/wp\/v2\/categories?post=95286"},{"taxonomy":"post_tag","embeddable":true,"href":"https:\/\/www.greenpeace.ch\/fr\/wp-json\/wp\/v2\/tags?post=95286"},{"taxonomy":"p4-page-type","embeddable":true,"href":"https:\/\/www.greenpeace.ch\/fr\/wp-json\/wp\/v2\/p4-page-type?post=95286"},{"taxonomy":"gpch-article-type","embeddable":true,"href":"https:\/\/www.greenpeace.ch\/fr\/wp-json\/wp\/v2\/gpch-article-type?post=95286"}],"curies":[{"name":"wp","href":"https:\/\/api.w.org\/{rel}","templated":true}]}}