{"id":95983,"date":"2023-03-27T06:44:17","date_gmt":"2023-03-27T04:44:17","guid":{"rendered":"https:\/\/www.greenpeace.ch\/?p=95983"},"modified":"2023-03-27T06:45:49","modified_gmt":"2023-03-27T04:45:49","slug":"economie-circulaire-17-organisations-soutiennent-la-revision-de-la-lpe","status":"publish","type":"post","link":"https:\/\/www.greenpeace.ch\/fr\/communique-de-presse\/95983\/economie-circulaire-17-organisations-soutiennent-la-revision-de-la-lpe\/","title":{"rendered":"\u00c9conomie circulaire: 17 organisations soutiennent la r\u00e9vision de la LPE"},"content":{"rendered":"\n<p><em>Communiqu\u00e9 commun de la coalition Longue vie \u00e0 nos objets!<\/em><\/p>\n\n<p>La coalition <a href=\"https:\/\/longuevieanosobjets.ch\/\">Longue vie \u00e0 nos objets!<\/a>, qui \u0153uvre pour la mise en place d\u2019une \u00e9conomie circulaire ambitieuse en Suisse, soutient fermement l\u2019actuel projet de r\u00e9vision de la Loi sur la protection de l\u2019environnement (LPE). Alors que l&rsquo;Union europ\u00e9enne avance, avec de nouvelles mesures adopt\u00e9es la semaine pass\u00e9e, la Suisse ne doit pas se laisser distancer. Les 17 organisations membres de la coalition recommandent donc au Conseil national d\u2019adopter le texte qui leur sera soumis ces prochaines semaines et de rendre certaines propositions contraignantes. C\u2019est une occasion unique pour renforcer l\u2019\u00e9conomie circulaire et ainsi b\u00e9n\u00e9ficier de ses avantages \u00e0 la fois \u00e9conomiques, environnementaux et sociaux.&nbsp;<\/p>\n\n<p>Selon le r\u00e9cent rapport <a href=\"https:\/\/www2.deloitte.com\/ch\/en\/pages\/risk\/articles\/circularity-gap-report-switzerland.html\">Circularity Gap<\/a>, la Suisse est circulaire \u00e0 seulement 6,9%. En d&rsquo;autres termes, un peu plus de 93% des ressources utilis\u00e9es dans l&rsquo;\u00e9conomie suisse proviennent de ressources naturelles vierges. La r\u00e9vision de la LPE (<a href=\"https:\/\/www.parlament.ch\/fr\/ratsbetrieb\/suche-curia-vista\/geschaeft?AffairId=20200433\">20.433<\/a>) est essentielle pour permettre de disposer des bases l\u00e9gales n\u00e9cessaires au d\u00e9veloppement d\u2019une \u00e9conomie circulaire \u00e0 large \u00e9chelle en Suisse, qui favorise l&rsquo;allongement de la dur\u00e9e de vie des objets du quotidien et pr\u00e9serve ainsi les ressources. Le partage, la r\u00e9utilisation, la r\u00e9paration, le reconditionnement et, en derni\u00e8re instance, le recyclage, doivent occuper une place centrale dans la loi. Le projet propos\u00e9 au Parlement par la Commission de l\u2019environnement, de l\u2019am\u00e9nagement du territoire et de l\u2019\u00e9nergie (CEATE-N) est l\u2019occasion \u00e0 ne pas rater pour avancer dans cette direction.<\/p>\n\n<p><strong>D\u2019importants progr\u00e8s \u00e0 saluer dans ce projet de r\u00e9vision<\/strong><\/p>\n\n<p>La coalition Longue vie \u00e0 nos objets! \u2013 qui r\u00e9unit 17 organisations \u00e9conomiques, environnementales et de la soci\u00e9t\u00e9 civile (liste ci-dessous) \u2013 se r\u00e9jouit des avanc\u00e9es propos\u00e9es. Notamment les dispositions (article 35i) qui permettraient au Conseil f\u00e9d\u00e9ral de:&nbsp;<\/p>\n\n<ul class=\"wp-block-list\">\n<li>fixer des exigences aux produits et emballages mis sur le march\u00e9 en fonction de leur dur\u00e9e de vie, de la disponibilit\u00e9 des pi\u00e8ces d\u00e9tach\u00e9es ou encore de leur r\u00e9parabilit\u00e9;<\/li>\n\n\n\n<li>conditionner leur mise sur le march\u00e9 en fonction des nuisances \u00e0 l\u2019environnement ou de l\u2019utilisation efficace des ressources tout au long de leur cycle de vie;&nbsp;<\/li>\n\n\n\n<li>exiger que le public dispose \u00e0 l\u2019avenir d\u2019informations lui permettant de faire un choix en connaissance de cause, sous la forme d\u2019un indice de r\u00e9parabilit\u00e9, par exemple.&nbsp;<\/li>\n<\/ul>\n\n<p>L\u2019autre progr\u00e8s important r\u00e9side dans l\u2019ancrage dans la loi de la prise en compte des nuisances \u00e0 l\u2019environnement tout au long du cycle de vie des produits (art. 10h al. 1), permettant enfin de d\u00e9passer le seul recyclage.&nbsp;<\/p>\n\n<p><strong>La Suisse, \u00e0 la tra\u00eene, doit faire preuve de davantage d\u2019ambition<\/strong><\/p>\n\n<p>La Suisse doit rattraper de toute urgence son retard en mati\u00e8re d\u2019\u00e9conomie circulaire. Le projet de r\u00e9vision de la LPE permettrait de faire les premiers pas n\u00e9cessaires, mais il manque d\u2019ambition en comparaison internationale: l&rsquo;UE et certains de ses pays membres comme l&rsquo;Autriche avec son bonus de r\u00e9paration, la France avec son indice de r\u00e9parabilit\u00e9 ou encore les Pays-Bas et la Finlande ont un train d\u2019avance. Notamment parce que la plupart des mesures propos\u00e9es par la CEATE-N sont non contraignantes. Pour ne pas rester de simples d\u00e9clarations d\u2019intention, ces dispositions doivent passer de facultatives \u00e0 obligatoires.<\/p>\n\n<p>Ce projet de r\u00e9vision pourrait encore s\u2019am\u00e9liorer en s\u2019inspirant des exemples alentour, notamment :&nbsp;&nbsp;<\/p>\n\n<ul class=\"wp-block-list\">\n<li>obliger les vendeurs, dans le cadre de la garantie l\u00e9gale, \u00e0 proposer une r\u00e9paration, sauf si celle-ci est plus on\u00e9reuse que le remplacement, comme vient de l&rsquo;adopter <a href=\"https:\/\/ec.europa.eu\/commission\/presscorner\/detail\/fr\/ip_23_1794\">la semaine derni\u00e8re <\/a>&nbsp;la Commission europ\u00e9enne ;&nbsp;<\/li>\n\n\n\n<li>fixer des objectifs de r\u00e9duction de consommation des ressources comme en <a href=\"https:\/\/www.bmk.gv.at\/themen\/klima_umwelt\/abfall\/Kreislaufwirtschaft\/strategie.html\">Autriche<\/a>;&nbsp;<\/li>\n\n\n\n<li>l\u00e9gif\u00e9rer sur la gestion des invendus et des retours, avec l\u2019instauration d\u2019un devoir de diligence&nbsp; pour les commer\u00e7ants (<em>duty of care<\/em>), tel qu\u2019il est en vigueur en <a href=\"https:\/\/www.gesetze-im-internet.de\/krwg\/__24.html\">Allemagne<\/a>;<\/li>\n\n\n\n<li>charger le Conseil f\u00e9d\u00e9ral de limiter les d\u00e9chets li\u00e9s aux emballages et d\u00e9velopper la r\u00e9utilisation \u00e0 grande \u00e9chelle, sur la base des propositions de la <a href=\"https:\/\/environment.ec.europa.eu\/publications\/proposal-packaging-and-packaging-waste_en\">Commission europ\u00e9enne<\/a>.&nbsp;<\/li>\n<\/ul>\n\n<p>Alors que l\u2019Union europ\u00e9enne et plusieurs des pays voisins ont adopt\u00e9 des politiques publiques d\u2019\u00e9conomie circulaire ambitieuses, le projet suisse reste centr\u00e9 sur la valorisation de la mati\u00e8re et de l\u2019\u00e9nergie: les strat\u00e9gies de limitation des d\u00e9chets, de prolongation de la vie des objets et d\u2019\u00e9coconception ne sont pas suffisamment abord\u00e9es. C\u2019est pourquoi les membres de la coalition \u00abLongue vie \u00e0 nos objets!\u00bb souhaitent l\u2019adoption de la r\u00e9vision de la LPE, avec quelques adaptations pour gagner en ambition. Cette r\u00e9vision est en effet essentielle pour une transition de l\u2019\u00e9conomie vers davantage de durabilit\u00e9.&nbsp;<\/p>\n\n<p><\/p>\n\n<p><strong>La coalition&nbsp;&nbsp;<\/strong><\/p>\n\n<p>Lanc\u00e9e en octobre 2022, la coalition <a href=\"https:\/\/longuevieanosobjets.ch\/\">Longue vie \u00e0 nos objets!<\/a> s\u2019engage pour une Suisse circulaire qui r\u00e9duit le gaspillage des ressources gr\u00e2ce \u00e0 l\u2019\u00e9coconception, la r\u00e9paration et la r\u00e9utilisation des objets. Elle est compos\u00e9e de 17 organisations \u00e9conomiques, environnementales et de la soci\u00e9t\u00e9 civile issues de toute la Suisse.<\/p>\n\n<p>La liste des membres: Association Transport et environnement, Associazione consumatrici e consumatori della Svizzera italiana, APR\u00c8S, Circular Economy Switzerland, F\u00e9d\u00e9ration romande des consommateurs, F\u00e9d\u00e9ration Suisse des entreprises, Gemeinwohl \u00d6konomie, Greenpeace Suisse, Impact Hub, Magasins du Monde, NoOPS.ch, Oeuvre suisse d\u2019entraide ouvri\u00e8re, Pro Natura, sanu durabilitas, swisscleantech, Travail.Suisse et WWF Suisse. &nbsp;<\/p>\n\n<p><strong>Contacts&nbsp;<\/strong><\/p>\n\n<ul class=\"wp-block-list\">\n<li>F\u00e9d\u00e9ration romande des consommateurs, Sophie Michaud Gigon, <a href=\"mailto:s.michaudgigon@frc.ch\">s.michaudgigon@frc.ch<\/a>&nbsp; (FR\/DE)<\/li>\n\n\n\n<li>Greenpeace Suisse, Jo\u00eblle H\u00e9rin, <a href=\"mailto:joelle.herin@greenpeace.org\">joelle.herin@greenpeace.org<\/a> (FR\/DE)<\/li>\n\n\n\n<li>sanu durabilitas, Nils Moussu, <a href=\"mailto:nils.moussu@sanudurabilitas.ch\">nils.moussu@sanudurabilitas.ch<\/a> (FR)<\/li>\n\n\n\n<li>NoOPS.ch, Thomas Putallaz, <a href=\"mailto:info@noops.ch\">info@noops.ch<\/a> (FR)<\/li>\n<\/ul>\n","protected":false},"excerpt":{"rendered":"<p>La coalition Longue vie \u00e0 nos objets!, qui \u0153uvre pour la mise en place d\u2019une \u00e9conomie circulaire ambitieuse, soutient fermement l\u2019actuel projet de r\u00e9vision de la Loi sur la protection de l\u2019environnement.<\/p>\n","protected":false},"author":76,"featured_media":95953,"comment_status":"closed","ping_status":"closed","sticky":false,"template":"","format":"standard","meta":{"_acf_changed":false,"_planet4_optimize_post_is_variant":false,"_planet4_optimize_experiment_name":"","_planet4_optimize_variant_name":"","ep_exclude_from_search":false,"p4_og_title":"","p4_og_description":"","p4_og_image":"","p4_og_image_id":"","p4_seo_canonical_url":"","p4_campaign_name":"","p4_local_project":"","p4_basket_name":"","p4_department":"","footnotes":""},"categories":[149],"tags":[213,218],"p4-page-type":[73],"gpch-article-type":[],"class_list":["post-95983","post","type-post","status-publish","format-standard","has-post-thumbnail","hentry","category-zero-waste-fr","tag-economie-circulaire","tag-consommation","p4-page-type-communique-de-presse"],"acf":[],"_links":{"self":[{"href":"https:\/\/www.greenpeace.ch\/fr\/wp-json\/wp\/v2\/posts\/95983","targetHints":{"allow":["GET"]}}],"collection":[{"href":"https:\/\/www.greenpeace.ch\/fr\/wp-json\/wp\/v2\/posts"}],"about":[{"href":"https:\/\/www.greenpeace.ch\/fr\/wp-json\/wp\/v2\/types\/post"}],"author":[{"embeddable":true,"href":"https:\/\/www.greenpeace.ch\/fr\/wp-json\/wp\/v2\/users\/76"}],"replies":[{"embeddable":true,"href":"https:\/\/www.greenpeace.ch\/fr\/wp-json\/wp\/v2\/comments?post=95983"}],"version-history":[{"count":0,"href":"https:\/\/www.greenpeace.ch\/fr\/wp-json\/wp\/v2\/posts\/95983\/revisions"}],"wp:featuredmedia":[{"embeddable":true,"href":"https:\/\/www.greenpeace.ch\/fr\/wp-json\/wp\/v2\/media\/95953"}],"wp:attachment":[{"href":"https:\/\/www.greenpeace.ch\/fr\/wp-json\/wp\/v2\/media?parent=95983"}],"wp:term":[{"taxonomy":"category","embeddable":true,"href":"https:\/\/www.greenpeace.ch\/fr\/wp-json\/wp\/v2\/categories?post=95983"},{"taxonomy":"post_tag","embeddable":true,"href":"https:\/\/www.greenpeace.ch\/fr\/wp-json\/wp\/v2\/tags?post=95983"},{"taxonomy":"p4-page-type","embeddable":true,"href":"https:\/\/www.greenpeace.ch\/fr\/wp-json\/wp\/v2\/p4-page-type?post=95983"},{"taxonomy":"gpch-article-type","embeddable":true,"href":"https:\/\/www.greenpeace.ch\/fr\/wp-json\/wp\/v2\/gpch-article-type?post=95983"}],"curies":[{"name":"wp","href":"https:\/\/api.w.org\/{rel}","templated":true}]}}