{"id":96010,"date":"2023-03-22T14:52:18","date_gmt":"2023-03-22T13:52:18","guid":{"rendered":"https:\/\/www.greenpeace.ch\/article-de-magazine\/96010\/klimaseniorinnen-mein-und-dein-recht-auf-leben-und-gesundheit\/"},"modified":"2023-03-27T17:31:22","modified_gmt":"2023-03-27T15:31:22","slug":"mon-droit-et-le-tien-a-la-sante-et-a-la-vie","status":"publish","type":"post","link":"https:\/\/www.greenpeace.ch\/fr\/story-fr\/96010\/mon-droit-et-le-tien-a-la-sante-et-a-la-vie\/","title":{"rendered":"A\u00een\u00e9es pour la protection du climat\u00a0: mon droit et le tien \u00e0 la sant\u00e9 et \u00e0 la vie"},"content":{"rendered":"\n<p><strong>R\u00e9flexions personnelles d&rsquo;Elisabeth Stern<\/strong><\/p>\n\n<p>Notre recours \u00e0 la Cour europ\u00e9enne des droits de l\u2019homme (CEDH) en tant qu&rsquo;A\u00een\u00e9es pour la protection du climat porte-t-il avant tout sur <em>notre<\/em> droit \u00e0 la vie&nbsp;?<\/p>\n\n<p>Nous devons reconna\u00eetre d&#8217;embl\u00e9e que nous ne voulons pas mourir pr\u00e9matur\u00e9ment parce que notre soci\u00e9t\u00e9 dans son ensemble&nbsp;\u2013&nbsp;y compris le monde politique et les entreprises&nbsp;\u2013&nbsp;n&rsquo;est pas capable de mettre en place une politique climatique efficace ou au moins assez bonne.&nbsp;<\/p>\n\n<p>Notre recours est-il donc \u00e9go\u00efste et ne porte-t-il que sur <em>notre<\/em> droit \u00e0 la sant\u00e9 et sur <em>notre<\/em> droit \u00e0 la vie&nbsp;? Justement nous, femmes \u00e2g\u00e9es qui ne seront plus de ce monde dans une dizaine d&rsquo;ann\u00e9es&nbsp;?&nbsp;<\/p>\n\n<p>Nous sommes tr\u00e8s&nbsp;vuln\u00e9rables pour 2 raisons. D&rsquo;une part \u00e0 cause des canicules qui nous font particuli\u00e8rement souffrir en tant que femmes \u00e2g\u00e9es, comme le montrent aussi de nombreuses \u00e9tudes, et d&rsquo;autre part \u00e0 cause de notre visibilit\u00e9 dans l&rsquo;espace public \u00e0 cause de ou gr\u00e2ce \u00e0 notre action en justice pour le climat. Nous jouons notre t\u00eate au sens propre et nous nous faisons traiter de \u201cvieilles geignardes ridicules\u201d. Les femmes \u00e2g\u00e9es et actives d\u00e9clenchent \u00e0 la fois une grande admiration et un grand m\u00e9pris (des mails haineux avec le nom complet de l&rsquo;exp\u00e9diteur&nbsp;!).<\/p>\n\n<p>Oui, nous repr\u00e9sentons tous les groupes de population. Accuser un Etat n&rsquo;est pas simple et n&rsquo;est possible que si l&rsquo;on peut prouver que l&rsquo;on est particuli\u00e8rement et personnellement affect\u00e9. Nous sommes all\u00e9es loin dans ce processus.<\/p>\n\n<p>Si nous gagnons \u00e0 la CEDH, une meilleure politique climatique nous aidera moins qu&rsquo;elle aidera nos enfants et petits-enfants.&nbsp; Et nous avons toujours voulu faire quelque chose de favorable pour nos enfants et petits-enfants. Ils repr\u00e9sentent l&rsquo;avenir. Ce qui n&rsquo;est plus notre cas. Je serais tout simplement heureuse que notre vuln\u00e9rabilit\u00e9 particuli\u00e8re nous permette de contribuer aux conditions n\u00e9cessaires \u00e0 un environnement dans lequel notre descendance (directe et \u00ab&nbsp;indirecte&nbsp;\u00bb) peut s&rsquo;\u00e9panouir.<\/p>\n\n<p>Je ne m&rsquo;identifie en effet pas seulement avec moi-m\u00eame en tant que personne, mais aussi avec ma descendance et avec les g\u00e9n\u00e9rations futures, et m\u00eame avec la plan\u00e8te. Je le sais depuis que j&rsquo;ai vu la photo de la Terre prise depuis l&rsquo;espace. \u00ab&nbsp;Earthrise&nbsp;\u00bb a \u00e9t\u00e9 produite en 1968, mais je n&rsquo;en ai pris conscience que 10 ans plus tard. Elle a fait \u00e9clater mon champ de vision et l&rsquo;a consid\u00e9rablement \u00e9largi.<\/p>\n\n<p>Je me fais du souci pour les jeunes. J&rsquo;ai parfois peur pour ces personnes pour deux raisons. Elles et ils se consid\u00e8rent comme la \u00ab&nbsp;derni\u00e8re g\u00e9n\u00e9ration&nbsp;\u00bb. Pas comme la prochaine&nbsp;! Qu&rsquo;est-ce que c&rsquo;est comme sensation de se sentir la \u00ab&nbsp;derni\u00e8re&nbsp;\u00bb&nbsp;? Elles et ils ne sont pas responsables de la destruction, mais ils doivent surmonter la crise, la traverser et si possible y survivre. Le plus terrible dans tout \u00e7a, c&rsquo;est que je ne pourrai pas les prot\u00e9ger. Alors qu&rsquo;en tant qu&rsquo;A\u00een\u00e9e pour la protection du climat j&rsquo;aspire avant tout \u00e0 <em>pr\u00e9server notre Terre vivante pour les g\u00e9n\u00e9rations futures<\/em>.<\/p>\n\n<p>Dans mon inqui\u00e9tude, je ne distingue pas entre mes enfants et les enfants des autres.<\/p>\n\n<p>Je suis tr\u00e8s f\u00e2ch\u00e9e que de jeunes militants\u00b7es pour le climat soient condamn\u00e9s\u00b7es m\u00eame pour des actions non violentes, alors que celles et ceux qui attisent la crise, qui continuent de financer l&rsquo;extraction de sources d&rsquo;\u00e9nergie fossiles sont r\u00e9compens\u00e9s en empochant les b\u00e9n\u00e9fices et en recevant de gros salaires. Chaque condamnation est un camouflet qui se moque de tout sens de l&rsquo;\u00e9quit\u00e9. De temps en temps, les jeunes peuvent quand m\u00eame rel\u00e2cher un peu de pression en faisant la le\u00e7on aux \u00e9lites \u00e9conomiques et politiques lors du WEF \u00e0 Davos. Elles \u00e9coutent pendant un moment, mais l&rsquo;ann\u00e9e suivante, on apprend que les \u00e9nergies fossiles continuent d&rsquo;obtenir des investissements \u00e9lev\u00e9s. Je sens alors qu&rsquo;on se moque de nous, et je le sens avec les jeunes et comme eux. Leur avenir est monnay\u00e9 chaque jour.<\/p>\n\n<p>Elles et ils ne veulent en aucun cas travailler pour une entreprise qui d\u00e9truit le monde. Personne ne s&rsquo;\u00e9tonne qu&rsquo;en Suisse, <a href=\"https:\/\/www.nzz.ch\/visuals\/generation-z-netto-null-zukunft-ld.1704493\" target=\"_blank\" rel=\"noreferrer noopener\">une \u00e9tude <\/a>montre que les jeunes voient leur avenir de plus en plus sombre. Elles et ils s&rsquo;inqui\u00e8tent pour le climat (en plus de la guerre) et se demandent si les humains auront assez de temps pour s&rsquo;adapter au r\u00e9chauffement climatique. On sait que la nature se r\u00e9tablira \u00e0 un moment ou \u00e0 un autre, mais o\u00f9 restent les humains, ou restent les jeunes\u00a0? Elles et ils me posent des questions comme\u00a0:\u00a0\u00ab\u00a0pouvez-vous me donner des conseils sur la fa\u00e7on de motiver ma m\u00e8re et ma grand-m\u00e8re \u00e0 devenir actives\u00a0?\u00a0\u00bb. C&rsquo;est ce que des \u00e9tudiants\u00b7es m&rsquo;ont d\u00e9j\u00e0 demand\u00e9 de fa\u00e7on presque d\u00e9sesp\u00e9r\u00e9e.<\/p>\n\n<p>Je le r\u00e9p\u00e8te parce que c&rsquo;est important pour moi&nbsp;: ce n&rsquo;est pas notre sant\u00e9 ni notre survie personnelle qui me motive et motive la plupart des A\u00een\u00e9es pour la protection du climat. Dans le cadre de notre action en justice pour le climat, nous ne luttons pas que pour <em>nos<\/em> droits de personnes humaines. Nous voulons en m\u00eame temps que cette lutte b\u00e9n\u00e9ficie aussi aux jeunes g\u00e9n\u00e9rations et aux g\u00e9n\u00e9rations \u00e0 venir. C&rsquo;est surtout ma grande inqui\u00e9tude pour l&rsquo;avenir de nos enfants et petits-enfants qui constitue la principale motivation de mon engagement.<\/p>\n\n<p>Un engagement qui a commenc\u00e9 en 1977 et qui ne finira que lorsque je reposerai sous terre. Mon engagement a commenc\u00e9 \u00e0 cause du nombre choquant d&rsquo;enfants qui mouraient de faim chaque jour. Le mouvement pour la paix s&rsquo;y est ajout\u00e9, puis le mouvement environnemental, le mouvement climatique, les A\u00een\u00e9es pour la protection du climat.<\/p>\n\n<figure class=\"wp-block-image size-large\"><img loading=\"lazy\" decoding=\"async\" width=\"1024\" height=\"710\" src=\"https:\/\/www.greenpeace.ch\/static\/planet4-switzerland-stateless\/2023\/03\/95814ba5-gp0stqsyd_pressmedia-1024x710.jpg\" alt=\"\" class=\"wp-image-95881\" srcset=\"https:\/\/www.greenpeace.ch\/static\/planet4-switzerland-stateless\/2023\/03\/95814ba5-gp0stqsyd_pressmedia-1024x710.jpg 1024w, https:\/\/www.greenpeace.ch\/static\/planet4-switzerland-stateless\/2023\/03\/95814ba5-gp0stqsyd_pressmedia-300x208.jpg 300w, https:\/\/www.greenpeace.ch\/static\/planet4-switzerland-stateless\/2023\/03\/95814ba5-gp0stqsyd_pressmedia-768x533.jpg 768w, https:\/\/www.greenpeace.ch\/static\/planet4-switzerland-stateless\/2023\/03\/95814ba5-gp0stqsyd_pressmedia-1536x1065.jpg 1536w, https:\/\/www.greenpeace.ch\/static\/planet4-switzerland-stateless\/2023\/03\/95814ba5-gp0stqsyd_pressmedia-2048x1420.jpg 2048w, https:\/\/www.greenpeace.ch\/static\/planet4-switzerland-stateless\/2023\/03\/95814ba5-gp0stqsyd_pressmedia-1969x1366.jpg 1969w, https:\/\/www.greenpeace.ch\/static\/planet4-switzerland-stateless\/2023\/03\/95814ba5-gp0stqsyd_pressmedia-490x340.jpg 490w\" sizes=\"auto, (max-width: 1024px) 100vw, 1024px\" \/><figcaption class=\"wp-element-caption\">Les A\u00een\u00e9es pour la protection du climat ne se laissent pas d\u00e9courager et d\u00e9fendent leurs droits. \u00a9 Greenpeace\/Ex-Press\/Miriam Kuenzli<\/figcaption><\/figure>\n\n<p>Heureusement que <em>l&rsquo;action en justice pour le climat<\/em> est un instrument qui permet de nous d\u00e9fendre contre le manque de protection de la part des Etats et des entreprises.<\/p>\n\n<p>Il est m\u00eame devenu possible d&rsquo;agir en justice contre la limitation des droits des g\u00e9n\u00e9rations futures \u00e0 cause de l&rsquo;actuelle surexploitation. C&rsquo;est une approche tout \u00e0 fait nouvelle.<a href=\"https:\/\/www.bundesverfassungsgericht.de\/SharedDocs\/Pressemitteilungen\/DE\/2021\/bvg21-031.html\" target=\"_blank\" rel=\"noreferrer noopener\"> La Cour constitutionnelle allemande <\/a>consid\u00e8re qu&rsquo;autoriser des \u00e9missions aujourd&rsquo;hui constitue une limitation des droits des g\u00e9n\u00e9rations futures.<\/p>\n\n<p>Sommes-nous des victimes en tant que femmes \u00e2g\u00e9es&nbsp;? Oui, dans le sens o\u00f9 nous sommes personnellement concern\u00e9es et que nous subissons un risque accru pour notre sant\u00e9 \u00e0 cause de l&rsquo;accroissement des canicules.<\/p>\n\n<p>Nous sommes aussi des <em>agentes de changement<\/em> tr\u00e8s comp\u00e9tentes. Car notre action en justice pour le climat am\u00e8ne pour la premi\u00e8re fois la CEDH \u00e0 s&rsquo;exprimer sur la politique climatique d&rsquo;un Etat membre, et sur la question de savoir si la protection du climat est un droit de la personne humaine.<\/p>\n\n<p>Ce sont nos pens\u00e9es, nos visions qui forment le monde, qui forment le futur. Il a fallu 14 milliards d&rsquo;ann\u00e9es pour nous amener ici, vous et moi en sommes le r\u00e9sultat. L&rsquo;\u00e9volution ne nous pr\u00e9voit probablement pas de 3e bras ou de 3e jambe, mais plut\u00f4t une fantastique croissance de la conscience, il y en a plus qu&rsquo;on pense dans nos cerveaux, peut-\u00eatre m\u00eame un saut quantique. De nos jours, la conscience de certaines personnes est stup\u00e9fiante, je n&rsquo;en vois pas que des aper\u00e7us de-ci de-l\u00e0, mais souvent une grande ouverture. Il est bien possible qu&rsquo;homo sapiens disparaisse de notre plan\u00e8te, la Terre s&rsquo;en remettra un jour, mais nous ne serons plus l\u00e0, certaines personnes pensent ainsi, mais de nombreuses autres voient la chance que nous avons de cr\u00e9er quelque chose de neuf dans le sens o\u00f9 une crise pr\u00e9c\u00e8de souvent ou toujours une transformation.\u00a0 J&rsquo;y crois fermement et je cultive cet espoir parce qu&rsquo;il m&rsquo;inspire.<\/p>\n\n<p class=\"is-style-accent-2\"><em><a href=\"https:\/\/klimaseniorinnen.ch\/wp-content\/uploads\/2020\/06\/Elisabeth-Stern-FR.pdf\">Elisabeth Stern<\/a> est une ethnologue retrait\u00e9e qui a \u00e9tudi\u00e9 la psychologie \u00e0 Zurich et a aussi obtenu un master et un doctorat en anthropologie culturelle \u00e0 l&rsquo;Universit\u00e9 de Californie. Elle a travaill\u00e9 \u00e0 la Fondation Village d&rsquo;enfants Pestalozzi pour une \u00e9ducation interculturelle. Elle a enseign\u00e9 l&rsquo;ethnologie \u00e0 l&rsquo;Universit\u00e9 de Zurich. Elle a travaill\u00e9 comme associ\u00e9e de recherche \u00e0 l&rsquo;Universit\u00e9 du Zimbabwe \u00e0 Harare et en tant que ma\u00eetre de conf\u00e9rences gestion interculturelle \u00e0 l&rsquo;Universit\u00e9 de St-Gall. Elle a aussi \u00e9t\u00e9 co-directrice d&rsquo;une entreprise de financement de projets environnementaux. Elle est une des auteur\u00b7es du livre\u00a0\u201dGr\u00fcnes Geld f\u00fcr unsere Zukunft\u201d.<\/em><\/p>\n","protected":false},"excerpt":{"rendered":"<p>Notre recours \u00e0 la Cour europ\u00e9enne des droits de l\u2019homme (CEDH) en tant qu&rsquo;A\u00een\u00e9es pour la protection du climat porte-t-il avant tout sur notre droit \u00e0 la vie\u00a0? Notre recours est-il donc \u00e9go\u00efste et ne porte-t-il que sur notre droit \u00e0 la sant\u00e9 et sur notre droit \u00e0 la vie\u00a0? Justement nous, femmes \u00e2g\u00e9es qui ne seront plus de ce monde dans une dizaine d&rsquo;ann\u00e9es\u00a0?\u00a0<\/p>\n","protected":false},"author":48,"featured_media":95898,"comment_status":"closed","ping_status":"closed","sticky":false,"template":"","format":"standard","meta":{"_acf_changed":false,"_planet4_optimize_post_is_variant":false,"_planet4_optimize_experiment_name":"","_planet4_optimize_variant_name":"","ep_exclude_from_search":false,"p4_og_title":"","p4_og_description":"","p4_og_image":"","p4_og_image_id":"","p4_seo_canonical_url":"","p4_campaign_name":"","p4_local_project":"","p4_basket_name":"","p4_department":"","footnotes":""},"categories":[22],"tags":[136,58],"p4-page-type":[77],"gpch-article-type":[],"class_list":["post-96010","post","type-post","status-publish","format-standard","has-post-thumbnail","hentry","category-non-classifiee","tag-justice-climatique","tag-climat","p4-page-type-story-fr"],"acf":[],"_links":{"self":[{"href":"https:\/\/www.greenpeace.ch\/fr\/wp-json\/wp\/v2\/posts\/96010","targetHints":{"allow":["GET"]}}],"collection":[{"href":"https:\/\/www.greenpeace.ch\/fr\/wp-json\/wp\/v2\/posts"}],"about":[{"href":"https:\/\/www.greenpeace.ch\/fr\/wp-json\/wp\/v2\/types\/post"}],"author":[{"embeddable":true,"href":"https:\/\/www.greenpeace.ch\/fr\/wp-json\/wp\/v2\/users\/48"}],"replies":[{"embeddable":true,"href":"https:\/\/www.greenpeace.ch\/fr\/wp-json\/wp\/v2\/comments?post=96010"}],"version-history":[{"count":0,"href":"https:\/\/www.greenpeace.ch\/fr\/wp-json\/wp\/v2\/posts\/96010\/revisions"}],"wp:featuredmedia":[{"embeddable":true,"href":"https:\/\/www.greenpeace.ch\/fr\/wp-json\/wp\/v2\/media\/95898"}],"wp:attachment":[{"href":"https:\/\/www.greenpeace.ch\/fr\/wp-json\/wp\/v2\/media?parent=96010"}],"wp:term":[{"taxonomy":"category","embeddable":true,"href":"https:\/\/www.greenpeace.ch\/fr\/wp-json\/wp\/v2\/categories?post=96010"},{"taxonomy":"post_tag","embeddable":true,"href":"https:\/\/www.greenpeace.ch\/fr\/wp-json\/wp\/v2\/tags?post=96010"},{"taxonomy":"p4-page-type","embeddable":true,"href":"https:\/\/www.greenpeace.ch\/fr\/wp-json\/wp\/v2\/p4-page-type?post=96010"},{"taxonomy":"gpch-article-type","embeddable":true,"href":"https:\/\/www.greenpeace.ch\/fr\/wp-json\/wp\/v2\/gpch-article-type?post=96010"}],"curies":[{"name":"wp","href":"https:\/\/api.w.org\/{rel}","templated":true}]}}