{"id":97246,"date":"2023-04-24T12:30:15","date_gmt":"2023-04-24T10:30:15","guid":{"rendered":"https:\/\/www.greenpeace.ch\/?p=97246"},"modified":"2023-04-24T12:30:17","modified_gmt":"2023-04-24T10:30:17","slug":"climat-fis-indulgences","status":"publish","type":"post","link":"https:\/\/www.greenpeace.ch\/fr\/communique-de-presse\/97246\/climat-fis-indulgences\/","title":{"rendered":"Protection du climat: le pr\u00e9sident de la FIS Johan Eliasch doit mettre fin au trafic des indulgences"},"content":{"rendered":"\n<p><strong>La F\u00e9d\u00e9ration internationale de ski (FIS) est responsable du calendrier des courses de ski. Les athl\u00e8tes et leur \u00e9quipe traversent l&rsquo;Atlantique deux fois par an. Greenpeace International exige du pr\u00e9sident de la FIS, Johan Eliasch, qu&rsquo;il r\u00e9duise massivement les voyages \u00e0 forte \u00e9mission de CO2 et qu&rsquo;il mette fin au greenwashing de la compensation.<\/strong><br><br>Dans\u00a0<a rel=\"noreferrer noopener\" href=\"https:\/\/mail.greenpeace.ch\/d\/d.pdf?o00khpoh7776li0qd0000lh0000000000000b2ymlxi4ocwf3c32p6g66fq1930\" target=\"_blank\">une lettre ouverte<\/a>, Greenpeace International demande au pr\u00e9sident de la FIS, Johan Eliasch, et au conseil de la f\u00e9d\u00e9ration internationale de ski de mettre fin aux compensations carbone. La F\u00e9d\u00e9ration internationale de ski mise sur des projets de compensation pour tenter de contrebalancer l\u2019impact climatique des voyages g\u00e9n\u00e9r\u00e9s par ses comp\u00e9titions.<br><br>\u00ab\u00a0Au lieu d&rsquo;adapter les sports d&rsquo;hiver et de les pr\u00e9parer pour l&rsquo;avenir, la FIS, sous la pr\u00e9sidence de Johan Eliasch, les met clairement en danger. La compensation carbone n\u2019est rien d&rsquo;autre que du greenwashing\u00a0\u00bb, d\u00e9clare Adam Pawloff, directeur des programmes pour Greenpeace Europe centrale et orientale.<br><br>Un coup d&rsquo;\u0153il sur le calendrier des courses de ski alpin montre que la FIS ignore la crise climatique. Les athl\u00e8tes et leurs \u00e9quipes doivent traverser l&rsquo;Atlantique deux fois par saison.\u00a0<br><br><strong>Tirer le frein d&rsquo;urgence<\/strong><br><br>Les \u00e9missions globales de CO\u2082 alimentent la crise climatique. En tant que pays alpin, la Suisse est particuli\u00e8rement touch\u00e9e. Le D\u00e9partement f\u00e9d\u00e9ral de l&rsquo;environnement, des transports, de l&rsquo;\u00e9nergie et de la communication (DETEC) constate que\u00a0<a rel=\"noreferrer noopener\" href=\"https:\/\/mail.greenpeace.ch\/d\/d.html?o00khpop7776li0qd0000lh0000000000000b2ymlxi4ocwf3c32p6gz5eq1930\" target=\"_blank\">les temp\u00e9ratures moyennes ont augment\u00e9 de 2.5 degr\u00e9s Celsius depuis le d\u00e9but des mesures<\/a>. C&rsquo;est deux fois plus que la moyenne mondiale. Les cons\u00e9quences sont dramatiques. Les vagues de chaleur et les p\u00e9riodes de s\u00e9cheresse se multiplient, l&rsquo;isotherme z\u00e9ro degr\u00e9 monte, il y a moins de neige et nos glaciers fondent \u00e0 toute vitesse.<br><br>Adam Pawloff ajoute: \u00ab\u00a0Au lieu de miser sur des projets de compensation de CO\u2082 opaques et d&rsquo;envoyer les athl\u00e8tes deux fois autour du globe, il est temps de tirer le frein d&rsquo;urgence. Johan Eliasch et la FIS doivent veiller \u00e0 ce que les courses soient programm\u00e9es de mani\u00e8re \u00e0 r\u00e9duire au maximum les d\u00e9placements et les \u00e9missions qui en d\u00e9coulent. Les athl\u00e8tes en profiteront \u00e9galement avec plus de phases de repos et de temps d&rsquo;entra\u00eenement\u00a0\u00bb.<br><br><strong>Aux c\u00f4t\u00e9s des stars du ski<\/strong><br><br>Avec sa lettre ouverte, Greenpeace International est aux c\u00f4t\u00e9s de plus de 500 athl\u00e8tes professionnels de sports d&rsquo;hiver qui soutiennent l&rsquo;initiative de protection du climat du skieur autrichien Julian Sch\u00fctter. Dans\u00a0<a rel=\"noreferrer noopener\" href=\"https:\/\/mail.greenpeace.ch\/d\/d.pdf?o00khpox7776li0qd0000lh0000000000000b2ymlxi4ocwf3c32p6gyyhq1930\" target=\"_blank\">une lettre adress\u00e9e au pr\u00e9sident de la FIS<\/a>, les sportifs demandent une r\u00e9duction de moiti\u00e9 des \u00e9missions de CO2 d&rsquo;ici 2030, en accord avec le consensus scientifique sur l\u2019\u00e9volution du climat, ainsi qu\u2019une transparence compl\u00e8te sur les mesures mises en \u0153uvre.\u00a0<br><br>Parmi les signataires figurent la d\u00e9tentrice du record de la Coupe du monde de ski Mikaela Shiffrin et le vainqueur de la Coupe du monde de descente Aleksander Aamodt Kilde. En Suisse, 26 athl\u00e8tes s\u2019engagent dans cette initiative, dont les skieurs Daniel Yule, Sandro Simonet et Joana H\u00e4hlen ainsi que la half-pipeuse Fabienne Dirksen-Reuteler.\u00a0\u00a0<br><br><strong>Plus d&rsquo;informations<\/strong><br><br><a rel=\"noreferrer noopener\" href=\"https:\/\/mail.greenpeace.ch\/d\/d.pdf?o00khpoh7776li0qd0000lh0000000000000b2ymlxi4ocwf3c32p6g66fq1930\" target=\"_blank\">Lettre ouverte de Greenpeace International au pr\u00e9sident de la FIS Johan Eliasch<\/a><br><br><strong>Contact:\u00a0<\/strong><br><br>Nathan Solothurnmann, expert des questions climatiques pour Greenpeace Suisse, +41 76 514 90 48,\u00a0<a rel=\"noreferrer noopener\" href=\"mailto:nathan.solothurnmann@greenpeace.org\" target=\"_blank\">nathan.solothurnmann@greenpeace.org<\/a><br>Mathias Schlegel, porte-parole pour Greenpeace Suisse, +41 79 794 61 23,\u00a0<a rel=\"noreferrer noopener\" href=\"mailto:mathias.schlegel@greenpeace.org\" target=\"_blank\">mathias.schlegel@greenpeace.org<\/a><\/p>\n","protected":false},"excerpt":{"rendered":"<p>La F\u00e9d\u00e9ration internationale de ski (FIS) est responsable du calendrier des courses de ski. Les athl\u00e8tes et leur \u00e9quipe traversent l&rsquo;Atlantique deux fois par an. Greenpeace International exige du pr\u00e9sident de la FIS, Johan Eliasch, qu&rsquo;il r\u00e9duise massivement les voyages \u00e0 forte \u00e9mission de CO2 et qu&rsquo;il mette fin au greenwashing de la compensation.<\/p>\n","protected":false},"author":37,"featured_media":97249,"comment_status":"closed","ping_status":"closed","sticky":false,"template":"","format":"standard","meta":{"_acf_changed":false,"_planet4_optimize_post_is_variant":false,"_planet4_optimize_experiment_name":"","_planet4_optimize_variant_name":"","ep_exclude_from_search":false,"p4_og_title":"","p4_og_description":"","p4_og_image":"","p4_og_image_id":"","p4_seo_canonical_url":"","p4_campaign_name":"","p4_local_project":"","p4_basket_name":"","p4_department":"","footnotes":""},"categories":[22],"tags":[58],"p4-page-type":[73],"gpch-article-type":[],"class_list":["post-97246","post","type-post","status-publish","format-standard","has-post-thumbnail","hentry","category-non-classifiee","tag-climat","p4-page-type-communique-de-presse"],"acf":[],"_links":{"self":[{"href":"https:\/\/www.greenpeace.ch\/fr\/wp-json\/wp\/v2\/posts\/97246","targetHints":{"allow":["GET"]}}],"collection":[{"href":"https:\/\/www.greenpeace.ch\/fr\/wp-json\/wp\/v2\/posts"}],"about":[{"href":"https:\/\/www.greenpeace.ch\/fr\/wp-json\/wp\/v2\/types\/post"}],"author":[{"embeddable":true,"href":"https:\/\/www.greenpeace.ch\/fr\/wp-json\/wp\/v2\/users\/37"}],"replies":[{"embeddable":true,"href":"https:\/\/www.greenpeace.ch\/fr\/wp-json\/wp\/v2\/comments?post=97246"}],"version-history":[{"count":0,"href":"https:\/\/www.greenpeace.ch\/fr\/wp-json\/wp\/v2\/posts\/97246\/revisions"}],"wp:featuredmedia":[{"embeddable":true,"href":"https:\/\/www.greenpeace.ch\/fr\/wp-json\/wp\/v2\/media\/97249"}],"wp:attachment":[{"href":"https:\/\/www.greenpeace.ch\/fr\/wp-json\/wp\/v2\/media?parent=97246"}],"wp:term":[{"taxonomy":"category","embeddable":true,"href":"https:\/\/www.greenpeace.ch\/fr\/wp-json\/wp\/v2\/categories?post=97246"},{"taxonomy":"post_tag","embeddable":true,"href":"https:\/\/www.greenpeace.ch\/fr\/wp-json\/wp\/v2\/tags?post=97246"},{"taxonomy":"p4-page-type","embeddable":true,"href":"https:\/\/www.greenpeace.ch\/fr\/wp-json\/wp\/v2\/p4-page-type?post=97246"},{"taxonomy":"gpch-article-type","embeddable":true,"href":"https:\/\/www.greenpeace.ch\/fr\/wp-json\/wp\/v2\/gpch-article-type?post=97246"}],"curies":[{"name":"wp","href":"https:\/\/api.w.org\/{rel}","templated":true}]}}