{"id":98581,"date":"2023-05-23T20:16:52","date_gmt":"2023-05-23T18:16:52","guid":{"rendered":"https:\/\/www.greenpeace.ch\/?p=98581"},"modified":"2024-05-27T14:58:41","modified_gmt":"2024-05-27T12:58:41","slug":"salon-de-laviation-daffaire-une-centaine-de-militants-pacifiques-arretes","status":"publish","type":"post","link":"https:\/\/www.greenpeace.ch\/fr\/communique-de-presse\/98581\/salon-de-laviation-daffaire-une-centaine-de-militants-pacifiques-arretes\/","title":{"rendered":"<strong>Salon de l&rsquo;aviation d&rsquo;affaire: une centaine de militant\u00b7es pacifiques arr\u00eat\u00e9\u00b7es<\/strong>"},"content":{"rendered":"\n<p><strong>Une centaine de militant\u00b7es pour le climat, venus de 17 pays et soutenant Greenpeace, Stay Grounded, Extinction Rebellion, Scientist Rebellion et d&rsquo;autres organisations de d\u00e9fense du climat, ont \u00e9t\u00e9 plac\u00e9s en d\u00e9tention provisoire apr\u00e8s avoir manifest\u00e9 pacifiquement contre le plus grand salon de l\u2019aviation d\u2019affaire d&rsquo;Europe, l\u2019European Business Aviation Convention &amp; Exhibition (EBACE) \u00e0 Gen\u00e8ve. Ils sont toujours en garde \u00e0 vue. Les militants ont fait \u00e9tat de l&rsquo;utilisation de spray au poivre et de blessures apr\u00e8s l&rsquo;intervention de la police. Les organisations Greenpeace, Stay Grounded, Extinction Rebellion et Scientist Rebellion sont tr\u00e8s pr\u00e9occup\u00e9es par les rapports faisant \u00e9tat d&rsquo;une utilisation excessive de la force contre les militant\u00b7es et demandent la lib\u00e9ration imm\u00e9diate de toutes les personnes concern\u00e9es.&nbsp;<\/strong><\/p>\n\n<p><strong>Klara Maria Schenk, Klara Maria Schenk, experte en transport pour la campagne Mobility for All de Greenpeace<\/strong>,&nbsp; d\u00e9clare : \u00ab\u00a0Une coalition europ\u00e9enne unique de 100 courageux militant\u00b7es venus de 17 pays a aujourd&rsquo;hui fortement perturb\u00e9 une&nbsp; rencontre organis\u00e9e pour une \u00e9lite ultra-riche lors du plus grand \u00e9v\u00e9nement de vente de jets priv\u00e9s en Europe. Leur demande est sans \u00e9quivoque : l&rsquo;aviation priv\u00e9e doit appartenir au pass\u00e9. Nous soutenons les militant\u00b7es et demandons leur lib\u00e9ration imm\u00e9diate\u00a0\u00bb.&nbsp;<\/p>\n\n<p><strong>Mira Kapfinger, charg\u00e9e de campagne pour le r\u00e9seau Stay Grounded, <\/strong>d\u00e9clare : \u00ab\u00a0L\u2019EBACE est l&rsquo;un des plus grands salons de l&rsquo;aviation priv\u00e9e au monde &#8211; un monde qui se dirige vers l&rsquo;effondrement climatique. Il \u00e9tait tout \u00e0 fait l\u00e9gitime de perturber cet \u00e9v\u00e9nement. Alors que les participant\u00b7es \u00e0 ce salon ach\u00e8tent des jets toujours plus grands et plus polluants, d&rsquo;autres subissent les graves cons\u00e9quences des vagues de chaleur et des inondations\u00a0\u00bb.<\/p>\n\n<p><strong>Cordula Markert, porte-parole de Scientist Rebellion,<\/strong> d\u00e9clare : \u00ab\u00a0Compte tenu de la crise climatique actuelle, il est absolument irresponsable de continuer \u00e0 criminaliser les protestataires climatiques pacifiques et non violents plut\u00f4t que ceux qui contribuent de mani\u00e8re disproportionn\u00e9e aux probl\u00e8mes. En tant que soci\u00e9t\u00e9, nous devons nous d\u00e9barrasser des modes de vie d\u00e9pass\u00e9s, non durables et injustes. Il est grand temps pour les responsables politiques d&rsquo;agir, de traduire leurs promesses en actes et d&rsquo;interdire les jets priv\u00e9s\u00a0\u00bb.<\/p>\n\n<p>Peu apr\u00e8s l&rsquo;ouverture du salon EBACE, les militant\u00b7es sont entr\u00e9s dans la zone d\u2019exposition de l&rsquo;a\u00e9roport de Gen\u00e8ve, o\u00f9 sont expos\u00e9s une cinquantaine de jets priv\u00e9s de luxe. Ils et elles se sont encha\u00een\u00e9\u00b7es aux entr\u00e9es des jets et ont demand\u00e9 d\u2019interdire les jets priv\u00e9s en brandissant des banni\u00e8res semblables aux avertissements affich\u00e9s sur les paquets de cigarettes.&nbsp;<\/p>\n\n<p>Contrairement \u00e0 des d\u00e9clarations erron\u00e9es retrouv\u00e9es dans plusieurs m\u00e9dias, les militant\u00b7es n&rsquo;ont \u00e0 aucun moment p\u00e9n\u00e9tr\u00e9 sur les pistes de d\u00e9collage ou d\u2019atterrissage ni sur les voies de circulation de l&rsquo;a\u00e9roport. Ils et elles pr\u00e9cisent n\u2019avoir jamais eu l&rsquo;intention de perturber le trafic a\u00e9rien commercial \u00e0 l&rsquo;a\u00e9roport de Gen\u00e8ve. Les militant\u00b7es ont d\u00e9cid\u00e9 de ne jamais p\u00e9n\u00e9trer ou traverser les pistes de d\u00e9collage et d&rsquo;atterrissage et d&rsquo;utiliser uniquement les voies de services. Cela n&rsquo;aurait en aucun cas d\u00fb avoir pour cons\u00e9quence de compromettre la s\u00e9curit\u00e9 des op\u00e9rations a\u00e9riennes.&nbsp;<\/p>\n\n<p>Les autorit\u00e9s a\u00e9roportuaires (contr\u00f4le du trafic a\u00e9rien et police) ont \u00e9t\u00e9 inform\u00e9es par les militant\u00b7es d\u00e8s le d\u00e9but de la protestation pacifique et les militant\u00b7es sont rest\u00e9s en contact permanent afin d&rsquo;\u00e9viter toute situation dangereuse ou toute mauvaise interpr\u00e9tation par les autorit\u00e9s a\u00e9roportuaires de l&rsquo;ampleur et de l\u2019objectif de la protestation en cours.&nbsp;<\/p>\n\n<p>Les porte-parole de Greenpeace, Stay Grounded, Scientist Rebellion et Extinction Rebellion sont disponibles pour des interviews en fran\u00e7ais, anglais et allemand.<\/p>\n\n<p>Des photos et vid\u00e9os en haute r\u00e9solution sont disponibles ici : <a href=\"https:\/\/media.greenpeace.org\/collection\/27MZIFJLAGWRE\">https:\/\/media.greenpeace.org\/collection\/27MZIFJLAGWRE<\/a><\/p>\n\n<p>Point de presse du mouvement climatique sur l&rsquo;aviation priv\u00e9e : <a href=\"https:\/\/stay-grounded.org\/wp-content\/uploads\/2023\/05\/Private_Aviation_May_2023.pdf\">https:\/\/stay-grounded.org\/wp-content\/uploads\/2023\/05\/Private_Aviation_May_2023.pdf<\/a><\/p>\n\n<p><strong>Contacts<\/strong><\/p>\n\n<p>Klara Maria Schenk, experte en transport pour la campagne Mobility for All de Greenpeace, +43 664 88 17 22 67, <a href=\"mailto:kschenk@greenpeace.org\">kschenk@greenpeace.org<\/a>&nbsp;<\/p>\n\n<p>Service de presse Greenpeace Suisse, +41 44 447 41 11, <a href=\"mailto:pressestelle.ch@greenpeace.org\">pressestelle.ch@greenpeace.or<\/a>g&nbsp;<\/p>\n\n<p>Mira Kapfinger, charg\u00e9e de campagne pour Stay Grounded, +41 79 772 64 23&nbsp;<\/p>\n\n<p>Service de presse de Stay Grounded, +43 670 3534311, <a href=\"mailto:press@stay-grounded.org\">press@stay-grounded.org<\/a>&nbsp;&nbsp;<\/p>\n\n<p>Jo\u00ebl Perret, porte-parole pour Extinction Rebellion Gen\u00e8ve, +41 79 664 03 37, <a href=\"mailto:joel.perret@proton.me\">joel.perret@proton.me<\/a><br><\/p>\n","protected":false},"excerpt":{"rendered":"<p>Une centaine de militant\u00b7es pour le climat ont \u00e9t\u00e9 plac\u00e9s en d\u00e9tention proovisoire apr\u00e8s avoir manifest\u00e9 pacifiquement au salon de l&rsquo;aviation d&rsquo;affaire \u00e0 Gen\u00e8ve.<\/p>\n","protected":false},"author":111,"featured_media":98569,"comment_status":"closed","ping_status":"closed","sticky":false,"template":"","format":"standard","meta":{"_acf_changed":false,"_planet4_optimize_post_is_variant":false,"_planet4_optimize_experiment_name":"","_planet4_optimize_variant_name":"","ep_exclude_from_search":false,"p4_og_title":"","p4_og_description":"","p4_og_image":"","p4_og_image_id":"","p4_seo_canonical_url":"","p4_campaign_name":"","p4_local_project":"","p4_basket_name":"","p4_department":"","footnotes":""},"categories":[22],"tags":[230],"p4-page-type":[73],"gpch-article-type":[],"class_list":["post-98581","post","type-post","status-publish","format-standard","has-post-thumbnail","hentry","category-non-classifiee","tag-change-fr","p4-page-type-communique-de-presse"],"acf":[],"_links":{"self":[{"href":"https:\/\/www.greenpeace.ch\/fr\/wp-json\/wp\/v2\/posts\/98581","targetHints":{"allow":["GET"]}}],"collection":[{"href":"https:\/\/www.greenpeace.ch\/fr\/wp-json\/wp\/v2\/posts"}],"about":[{"href":"https:\/\/www.greenpeace.ch\/fr\/wp-json\/wp\/v2\/types\/post"}],"author":[{"embeddable":true,"href":"https:\/\/www.greenpeace.ch\/fr\/wp-json\/wp\/v2\/users\/111"}],"replies":[{"embeddable":true,"href":"https:\/\/www.greenpeace.ch\/fr\/wp-json\/wp\/v2\/comments?post=98581"}],"version-history":[{"count":1,"href":"https:\/\/www.greenpeace.ch\/fr\/wp-json\/wp\/v2\/posts\/98581\/revisions"}],"predecessor-version":[{"id":108131,"href":"https:\/\/www.greenpeace.ch\/fr\/wp-json\/wp\/v2\/posts\/98581\/revisions\/108131"}],"wp:featuredmedia":[{"embeddable":true,"href":"https:\/\/www.greenpeace.ch\/fr\/wp-json\/wp\/v2\/media\/98569"}],"wp:attachment":[{"href":"https:\/\/www.greenpeace.ch\/fr\/wp-json\/wp\/v2\/media?parent=98581"}],"wp:term":[{"taxonomy":"category","embeddable":true,"href":"https:\/\/www.greenpeace.ch\/fr\/wp-json\/wp\/v2\/categories?post=98581"},{"taxonomy":"post_tag","embeddable":true,"href":"https:\/\/www.greenpeace.ch\/fr\/wp-json\/wp\/v2\/tags?post=98581"},{"taxonomy":"p4-page-type","embeddable":true,"href":"https:\/\/www.greenpeace.ch\/fr\/wp-json\/wp\/v2\/p4-page-type?post=98581"},{"taxonomy":"gpch-article-type","embeddable":true,"href":"https:\/\/www.greenpeace.ch\/fr\/wp-json\/wp\/v2\/gpch-article-type?post=98581"}],"curies":[{"name":"wp","href":"https:\/\/api.w.org\/{rel}","templated":true}]}}