{"id":98679,"date":"2023-05-25T10:40:08","date_gmt":"2023-05-25T08:40:08","guid":{"rendered":"https:\/\/www.greenpeace.ch\/?p=98679"},"modified":"2024-05-27T14:59:54","modified_gmt":"2024-05-27T12:59:54","slug":"des-militants-pour-le-climat-liberes-de-leur-garde-a-vue-apres-avoir-manifeste-pacifiquement-contre-un-salon-de-laviation-daffaires-a-geneve","status":"publish","type":"post","link":"https:\/\/www.greenpeace.ch\/fr\/communique-de-presse\/98679\/des-militants-pour-le-climat-liberes-de-leur-garde-a-vue-apres-avoir-manifeste-pacifiquement-contre-un-salon-de-laviation-daffaires-a-geneve\/","title":{"rendered":"Les militant\u00b7es pour le climat lib\u00e9r\u00e9\u00b7es de leur garde \u00e0 vue apr\u00e8s avoir manifest\u00e9 pacifiquement contre un salon de l\u2019aviation d\u2019affaires \u00e0 Gen\u00e8ve"},"content":{"rendered":"\n<p><\/p>\n\n<p><strong>Des militant\u00b7es pour le climat lib\u00e9r\u00e9\u00b7es de leur garde \u00e0 vue apr\u00e8s avoir manifest\u00e9 pacifiquement contre un salon de l\u2019aviation d\u2019affaires \u00e0 Gen\u00e8ve<\/strong><\/p>\n\n<p>Gen\u00e8ve, 25.05.2023 &#8211; Apr\u00e8s plus de 24 heures, les 103 militant\u00b7es pour le climat, qui avaient \u00e9t\u00e9 arr\u00eat\u00e9\u00b7es apr\u00e8s avoir<a href=\"https:\/\/www.greenpeace.ch\/fr\/communique-de-presse\/98515\/salon-de-laviation-daffaires-a-geneve-une-centaine-de-militantes-pour-le-climat-bloquent-des-jets-prives\/\"> manifest\u00e9 pacifiquement contre les jets priv\u00e9s<\/a> \u00e0 l\u2019EBACE, ont \u00e9t\u00e9 lib\u00e9r\u00e9\u00b7es de leur garde \u00e0 vue \u00e0 Gen\u00e8ve.<\/p>\n\n<p>Les militant\u00b7es, venus de 17 pays [1] et soutenant Greenpeace, Stay Grounded, Scientist Rebellion et Extinction Rebellion, s&rsquo;\u00e9taient encha\u00een\u00e9\u00b7es \u00e0 des jets priv\u00e9s de luxe expos\u00e9s \u00e0 Gen\u00e8ve \u00e0 l\u2019EBACE, le plus grand salon europ\u00e9en d\u2019aviation d\u2019affaires pour protester contre leur impact scandaleux sur le climat.<\/p>\n\n<p>Les militant\u00b7es ont indiqu\u00e9 avoir re\u00e7u du spray au poivre et avoir constat\u00e9 des blessures lors de l&rsquo;intervention de la police. Greenpeace, Stay Grounded, Extinction Rebellion et Scientist Rebellion r\u00e9it\u00e8rent leur soutien total aux militant\u00b7es pacifiques et partagent leur demande d&rsquo;interdire les jets priv\u00e9s, qui n&rsquo;a que trop tard\u00e9.<\/p>\n\n<p>\u00b7&nbsp; Les porte-parole de Greenpeace, Stay Grounded, Scientist Rebellion et Extinction Rebellion sont disponibles pour des interviews en fran\u00e7ais, anglais et allemand.<\/p>\n\n<p>\u00b7&nbsp; Des photos et des vid\u00e9os en haute r\u00e9solution sont disponibles ici : https:\/\/media.greenpeace.org\/collection\/27MZIFJLAGWRE et<a href=\"https:\/\/flic.kr\/s\/aHBqjAEJaj\"> https:\/\/flic.kr\/s\/aHBqjAEJaj<\/a><\/p>\n\n<p>\u00b7&nbsp; T\u00e9l\u00e9chargez le dossier de presse du mouvement climatique sur l&rsquo;aviation priv\u00e9e ici :<a href=\"https:\/\/stay-grounded.org\/wp-content\/uploads\/2023\/05\/Private_Aviation_May_2023.pdf\"> https:\/\/stay-grounded.org\/wp-content\/uploads\/2023\/05\/Private_Aviation_May_2023.pdf<\/a><\/p>\n\n<p><strong>Note<\/strong><\/p>\n\n<p>[1] Allemagne, Autriche, Belgique, Croatie, Danemark, Espagne, Finlande, France, Hongrie, Italie, Norv\u00e8ge, Portugal, R\u00e9publique tch\u00e8que, Royaume-Uni, Slovaquie, Slov\u00e9nie, Suisse.<\/p>\n\n<p><strong>Contacts<\/strong><\/p>\n\n<p><strong>Greenpeace<\/strong><\/p>\n\n<p>Klara Maria Schenk, experte en transport pour la campagne Mobility for All de Greenpeace, +43 664 88 17 22 67, kschenk@greenpeace.org&nbsp;<\/p>\n\n<p>Service de presse Greenpeace Suisse, +41 44 447 41 11, pressestelle.ch@greenpeace.org&nbsp;&nbsp;<\/p>\n\n<p><strong>Stay Grounded<\/strong><\/p>\n\n<p>Mira Kapfinger, charg\u00e9e de campagne pour Stay Grounded, +41 77 993 51 88<\/p>\n\n<p>Service de presse de Stay Grounded, +43 670 3534311, press@stay-grounded.org&nbsp;&nbsp;<\/p>\n\n<p><strong>Extinction Rebellion<\/strong><\/p>\n\n<p>Jo\u00ebl Perret, porte-parole pour Extinction Rebellion Gen\u00e8ve, +41 79 664 03 37, joel.perret@proton.me <\/p>\n","protected":false},"excerpt":{"rendered":"<p>Des militant\u00b7es pour le climat lib\u00e9r\u00e9\u00b7es de leur garde \u00e0 vue apr\u00e8s avoir manifest\u00e9 pacifiquement contre un salon de l\u2019aviation d\u2019affaires \u00e0 Gen\u00e8ve Gen\u00e8ve, 25.05.2023 &#8211; Apr\u00e8s plus de 24 heures, les 103 militant\u00b7es pour le climat, qui avaient \u00e9t\u00e9 arr\u00eat\u00e9\u00b7es apr\u00e8s avoir manifest\u00e9 pacifiquement contre les jets priv\u00e9s \u00e0 l\u2019EBACE, ont \u00e9t\u00e9 lib\u00e9r\u00e9\u00b7es de [&hellip;]<\/p>\n","protected":false},"author":76,"featured_media":98569,"comment_status":"closed","ping_status":"closed","sticky":false,"template":"","format":"standard","meta":{"_acf_changed":false,"_planet4_optimize_post_is_variant":false,"_planet4_optimize_experiment_name":"","_planet4_optimize_variant_name":"","ep_exclude_from_search":false,"p4_og_title":"","p4_og_description":"","p4_og_image":"","p4_og_image_id":"","p4_seo_canonical_url":"","p4_campaign_name":"","p4_local_project":"","p4_basket_name":"","p4_department":"","footnotes":""},"categories":[22],"tags":[230],"p4-page-type":[73],"gpch-article-type":[],"class_list":["post-98679","post","type-post","status-publish","format-standard","has-post-thumbnail","hentry","category-non-classifiee","tag-change-fr","p4-page-type-communique-de-presse"],"acf":[],"_links":{"self":[{"href":"https:\/\/www.greenpeace.ch\/fr\/wp-json\/wp\/v2\/posts\/98679","targetHints":{"allow":["GET"]}}],"collection":[{"href":"https:\/\/www.greenpeace.ch\/fr\/wp-json\/wp\/v2\/posts"}],"about":[{"href":"https:\/\/www.greenpeace.ch\/fr\/wp-json\/wp\/v2\/types\/post"}],"author":[{"embeddable":true,"href":"https:\/\/www.greenpeace.ch\/fr\/wp-json\/wp\/v2\/users\/76"}],"replies":[{"embeddable":true,"href":"https:\/\/www.greenpeace.ch\/fr\/wp-json\/wp\/v2\/comments?post=98679"}],"version-history":[{"count":1,"href":"https:\/\/www.greenpeace.ch\/fr\/wp-json\/wp\/v2\/posts\/98679\/revisions"}],"predecessor-version":[{"id":108132,"href":"https:\/\/www.greenpeace.ch\/fr\/wp-json\/wp\/v2\/posts\/98679\/revisions\/108132"}],"wp:featuredmedia":[{"embeddable":true,"href":"https:\/\/www.greenpeace.ch\/fr\/wp-json\/wp\/v2\/media\/98569"}],"wp:attachment":[{"href":"https:\/\/www.greenpeace.ch\/fr\/wp-json\/wp\/v2\/media?parent=98679"}],"wp:term":[{"taxonomy":"category","embeddable":true,"href":"https:\/\/www.greenpeace.ch\/fr\/wp-json\/wp\/v2\/categories?post=98679"},{"taxonomy":"post_tag","embeddable":true,"href":"https:\/\/www.greenpeace.ch\/fr\/wp-json\/wp\/v2\/tags?post=98679"},{"taxonomy":"p4-page-type","embeddable":true,"href":"https:\/\/www.greenpeace.ch\/fr\/wp-json\/wp\/v2\/p4-page-type?post=98679"},{"taxonomy":"gpch-article-type","embeddable":true,"href":"https:\/\/www.greenpeace.ch\/fr\/wp-json\/wp\/v2\/gpch-article-type?post=98679"}],"curies":[{"name":"wp","href":"https:\/\/api.w.org\/{rel}","templated":true}]}}