{"id":99701,"date":"2023-06-22T08:00:00","date_gmt":"2023-06-22T06:00:00","guid":{"rendered":"https:\/\/www.greenpeace.ch\/article-de-magazine\/99701\/wie-wir-zu-einem-globalen-ozeanvertrag-gekommen-sind-und-was-als-naechstes-ansteht\/"},"modified":"2023-06-22T15:34:03","modified_gmt":"2023-06-22T13:34:03","slug":"traite-mondial-oceans-avenir","status":"publish","type":"post","link":"https:\/\/www.greenpeace.ch\/fr\/story-fr\/99701\/traite-mondial-oceans-avenir\/","title":{"rendered":"L\u2019histoire du trait\u00e9 mondial sur les oc\u00e9ans &#8211; et son avenir"},"content":{"rendered":"\n<p><strong><strong>Cela a pris des d\u00e9cennies, mais nous disposons enfin d&rsquo;un trait\u00e9 mondial pour la protection de la haute mer. Ce trait\u00e9 est l&rsquo;instrument qui permettra de cr\u00e9er d&rsquo;ici 2030 de grandes zones prot\u00e9g\u00e9es couvrant au moins 30% des oc\u00e9ans. Les gouvernements se sont \u00e0 nouveau r\u00e9unis cette semaine aux Nations unies pour adopter formellement ce texte important.<\/strong><\/strong><\/p>\n\n<h2 class=\"wp-block-heading\"><strong>Le r\u00f4le de Greenpeace<\/strong><\/h2>\n\n<p>D\u00e8s le d\u00e9part, Greenpeace a jou\u00e9 un r\u00f4le cl\u00e9 dans l&rsquo;\u00e9laboration du trait\u00e9. En 2005, nous avons publi\u00e9 notre toute <a href=\"https:\/\/www.greenpeace.org\/usa\/research\/black-holes-in-deep-ocean-spac\/\">premi\u00e8re d\u00e9claration publique<\/a> \u00e0 ce sujet. Nous demandions un nouveau trait\u00e9 dans le cadre de la Convention des Nations unies sur le droit maritime, qui prot\u00e9gerait la biodiversit\u00e9 et fournirait des outils pour cr\u00e9er des aires marines prot\u00e9g\u00e9es en haute mer. C&rsquo;est d&rsquo;une importance cruciale, car la haute mer &#8211; soit les eaux qui ne rel\u00e8vent pas de la juridiction des pays &#8211;&nbsp; est un far west pour les activit\u00e9s destructrices.<\/p>\n\n<p>Avec nos alli\u00e9s, nous avons \u00e9galement \u00e9t\u00e9 parmi les premiers \u00e0 demander qu&rsquo;au moins 30 % des oc\u00e9ans soient prot\u00e9g\u00e9s d&rsquo;ici 2030. Cet objectif, l&rsquo;objectif 30\u00d730, a finalement \u00e9t\u00e9 adopt\u00e9 par les gouvernements en d\u00e9cembre 2022 dans le cadre de la Convention des Nations unies sur la diversit\u00e9 biologique. Selon la communaut\u00e9 scientifique, la proportion de 30% est le minimum n\u00e9cessaire pour permettre aux oc\u00e9ans de se r\u00e9tablir et prosp\u00e9rer.<\/p>\n\n<figure class=\"wp-block-image size-full\"><img loading=\"lazy\" decoding=\"async\" width=\"1200\" height=\"823\" src=\"https:\/\/www.greenpeace.ch\/static\/planet4-switzerland-stateless\/2023\/06\/d4a63d0d-gp01hlc.webp\" alt=\"\" class=\"wp-image-99673\"\/><figcaption class=\"wp-element-caption\">Des militants\u00b7es lib\u00e8rent une tortue oliv\u00e2tre menac\u00e9e d&rsquo;extinction de l&rsquo;hame\u00e7on du tr\u00e8s controvers\u00e9 palangrier ta\u00efwanais Ho Tsai Fa 18, tandis qu&rsquo;un autre militante brandit une banderole avec l&rsquo;inscription \u00ab\u00a0Zones marines prot\u00e9g\u00e9es maintenant\u00a0\u00bb. \u00a9 Greenpeace \/ Paul Hilton<\/figcaption><\/figure>\n\n<h2 class=\"wp-block-heading\"><strong>Un texte en pr\u00e9paration depuis des ann\u00e9es<\/strong><\/h2>\n\n<p>Le processus a commenc\u00e9 au d\u00e9but des ann\u00e9es 2000. En 2004, un groupe de travail ad hoc a \u00e9t\u00e9 cr\u00e9\u00e9 pour examiner les lacunes de la gouvernance mondiale des oc\u00e9ans. En 2008, se sont tenus les premiers d\u00e9bats sur et en 2011, les \u00ab\u00a0\u00e9l\u00e9ments cl\u00e9s\u00a0\u00bb du trait\u00e9 ont \u00e9t\u00e9 convenus. Ces derniers ont \u00e9t\u00e9 d\u00e9velopp\u00e9s par un comit\u00e9 pr\u00e9paratoire apr\u00e8s que l\u2019Assembl\u00e9e g\u00e9n\u00e9rale des Nations Unies se soit entendu sur l\u2019id\u00e9e d\u2019un trait\u00e9.&nbsp;<\/p>\n\n<p>Quatre comit\u00e9s pr\u00e9paratoires ont eu lieu en 2016 et 2017, ouvrant la voie \u00e0 une s\u00e9rie de conf\u00e9rences intergouvernementales qui ont \u00e9t\u00e9 le th\u00e9\u00e2tre des n\u00e9gociations entre Etats. La premi\u00e8re s&rsquo;est tenue \u00e0 New York en 2018. Cinq ans de discussions plus tard, on aboutit enfin \u00e0&nbsp; un trait\u00e9.&nbsp;<\/p>\n\n<p>Ce long processus a connu des hauts et des bas, mais il est la preuve qu&rsquo;il vaut la peine de s&rsquo;accrocher, m\u00eame dans les moments difficiles et lorsque les progr\u00e8s sont lents.<\/p>\n<div data-hydrate=\"planet4-blocks\/gallery\" data-attributes=\"{&quot;attributes&quot;:{&quot;multiple_image&quot;:&quot;99711,99714,99717,99720&quot;,&quot;image_data&quot;:[{&quot;url&quot;:&quot;https:\\\/\\\/www.greenpeace.ch\\\/static\\\/planet4-switzerland-stateless\\\/2023\\\/06\\\/1a30341d-gp1sz4rz_-2048x1366-1.jpeg&quot;,&quot;focalPoint&quot;:{&quot;x&quot;:0.5,&quot;y&quot;:0.5},&quot;id&quot;:99711},{&quot;url&quot;:&quot;https:\\\/\\\/www.greenpeace.ch\\\/static\\\/planet4-switzerland-stateless\\\/2023\\\/06\\\/5f29a0b7-gp0stsdpp.jpeg&quot;,&quot;focalPoint&quot;:{&quot;x&quot;:0.5,&quot;y&quot;:0.5},&quot;id&quot;:99714},{&quot;url&quot;:&quot;https:\\\/\\\/www.greenpeace.ch\\\/static\\\/planet4-switzerland-stateless\\\/2023\\\/06\\\/664b1f5c-gp0sttrdv.jpeg&quot;,&quot;focalPoint&quot;:{&quot;x&quot;:0.5,&quot;y&quot;:0.5},&quot;id&quot;:99717},{&quot;url&quot;:&quot;https:\\\/\\\/www.greenpeace.ch\\\/static\\\/planet4-switzerland-stateless\\\/2023\\\/06\\\/f3989924-gp0sttt6e.jpeg&quot;,&quot;focalPoint&quot;:{&quot;x&quot;:0.5,&quot;y&quot;:0.5},&quot;id&quot;:99720}],&quot;gallery_block_style&quot;:0,&quot;gallery_block_title&quot;:&quot;&quot;,&quot;gallery_block_description&quot;:&quot;&quot;,&quot;gallery_block_focus_points&quot;:&quot;&quot;,&quot;images&quot;:[{&quot;image_src&quot;:&quot;https:\\\/\\\/www.greenpeace.ch\\\/static\\\/planet4-switzerland-stateless\\\/2023\\\/06\\\/1a30341d-gp1sz4rz_-2048x1366-1.jpeg&quot;,&quot;image_srcset&quot;:&quot;https:\\\/\\\/www.greenpeace.ch\\\/static\\\/planet4-switzerland-stateless\\\/2023\\\/06\\\/1a30341d-gp1sz4rz_-2048x1366-1.jpeg 2048w, https:\\\/\\\/www.greenpeace.ch\\\/static\\\/planet4-switzerland-stateless\\\/2023\\\/06\\\/1a30341d-gp1sz4rz_-2048x1366-1-300x200.jpeg 300w, https:\\\/\\\/www.greenpeace.ch\\\/static\\\/planet4-switzerland-stateless\\\/2023\\\/06\\\/1a30341d-gp1sz4rz_-2048x1366-1-1024x683.jpeg 1024w, https:\\\/\\\/www.greenpeace.ch\\\/static\\\/planet4-switzerland-stateless\\\/2023\\\/06\\\/1a30341d-gp1sz4rz_-2048x1366-1-768x512.jpeg 768w, https:\\\/\\\/www.greenpeace.ch\\\/static\\\/planet4-switzerland-stateless\\\/2023\\\/06\\\/1a30341d-gp1sz4rz_-2048x1366-1-1536x1025.jpeg 1536w, https:\\\/\\\/www.greenpeace.ch\\\/static\\\/planet4-switzerland-stateless\\\/2023\\\/06\\\/1a30341d-gp1sz4rz_-2048x1366-1-510x340.jpeg 510w&quot;,&quot;image_sizes&quot;:false,&quot;alt_text&quot;:&quot;Des militants\\u00b7es Greenpeace USA projettent leurs revendications sur le c\\u00e9l\\u00e8bre pont de Brooklyn \\u00e0 New York. \\u00a9 POW \\\/ Greenpeace&quot;,&quot;caption&quot;:&quot;Des militants\\u00b7es Greenpeace USA projettent leurs revendications sur le c\\u00e9l\\u00e8bre pont de Brooklyn \\u00e0 New York. \\u00a9 POW \\\/ Greenpeace&quot;,&quot;focus_image&quot;:&quot;&quot;,&quot;credits&quot;:&quot;&quot;},{&quot;image_src&quot;:&quot;https:\\\/\\\/www.greenpeace.ch\\\/static\\\/planet4-switzerland-stateless\\\/2023\\\/06\\\/5f29a0b7-gp0stsdpp.jpeg&quot;,&quot;image_srcset&quot;:&quot;https:\\\/\\\/www.greenpeace.ch\\\/static\\\/planet4-switzerland-stateless\\\/2023\\\/06\\\/5f29a0b7-gp0stsdpp.jpeg 1200w, https:\\\/\\\/www.greenpeace.ch\\\/static\\\/planet4-switzerland-stateless\\\/2023\\\/06\\\/5f29a0b7-gp0stsdpp-300x200.jpeg 300w, https:\\\/\\\/www.greenpeace.ch\\\/static\\\/planet4-switzerland-stateless\\\/2023\\\/06\\\/5f29a0b7-gp0stsdpp-1024x684.jpeg 1024w, https:\\\/\\\/www.greenpeace.ch\\\/static\\\/planet4-switzerland-stateless\\\/2023\\\/06\\\/5f29a0b7-gp0stsdpp-768x513.jpeg 768w, https:\\\/\\\/www.greenpeace.ch\\\/static\\\/planet4-switzerland-stateless\\\/2023\\\/06\\\/5f29a0b7-gp0stsdpp-510x340.jpeg 510w&quot;,&quot;image_sizes&quot;:false,&quot;alt_text&quot;:&quot;Des militants\\u00b7es Greenpeace font voler un cerf-volant g\\u00e9ant devant le si\\u00e8ge des Nations unies \\u00e0 New York, alors que les pays se rassemblent pour entamer les premi\\u00e8res n\\u00e9gociations sur un trait\\u00e9 mondial sur les oc\\u00e9ans. \\u00a9 Stephanie Keith&quot;,&quot;caption&quot;:&quot;Des militants\\u00b7es Greenpeace font voler un cerf-volant g\\u00e9ant devant le si\\u00e8ge des Nations unies \\u00e0 New York, alors que les pays se rassemblent pour entamer les premi\\u00e8res n\\u00e9gociations sur un trait\\u00e9 mondial sur les oc\\u00e9ans. \\u00a9 Stephanie Keith&quot;,&quot;focus_image&quot;:&quot;&quot;,&quot;credits&quot;:&quot;&quot;},{&quot;image_src&quot;:&quot;https:\\\/\\\/www.greenpeace.ch\\\/static\\\/planet4-switzerland-stateless\\\/2023\\\/06\\\/664b1f5c-gp0sttrdv.jpeg&quot;,&quot;image_srcset&quot;:&quot;https:\\\/\\\/www.greenpeace.ch\\\/static\\\/planet4-switzerland-stateless\\\/2023\\\/06\\\/664b1f5c-gp0sttrdv.jpeg 1200w, https:\\\/\\\/www.greenpeace.ch\\\/static\\\/planet4-switzerland-stateless\\\/2023\\\/06\\\/664b1f5c-gp0sttrdv-300x200.jpeg 300w, https:\\\/\\\/www.greenpeace.ch\\\/static\\\/planet4-switzerland-stateless\\\/2023\\\/06\\\/664b1f5c-gp0sttrdv-1024x683.jpeg 1024w, https:\\\/\\\/www.greenpeace.ch\\\/static\\\/planet4-switzerland-stateless\\\/2023\\\/06\\\/664b1f5c-gp0sttrdv-768x512.jpeg 768w, https:\\\/\\\/www.greenpeace.ch\\\/static\\\/planet4-switzerland-stateless\\\/2023\\\/06\\\/664b1f5c-gp0sttrdv-510x340.jpeg 510w&quot;,&quot;image_sizes&quot;:false,&quot;alt_text&quot;:&quot;L&#039;acteur espagnol Javier Bardem, laur\\u00e9at d&#039;un Oscar, est entour\\u00e9 de panneaux d&#039;affichage sur le th\\u00e8me de l&#039;oc\\u00e9an \\u00e0 Times Square, \\u00e0 New York. Bardem est \\u00e0 New York pour s&#039;adresser aux gouvernements du monde entier au si\\u00e8ge des Nations Unies sur l&#039;avenir de nos oc\\u00e9ans. \\u00a9 Jason Miczek \\\/ Greenpeace&quot;,&quot;caption&quot;:&quot;L&#039;acteur espagnol Javier Bardem, laur\\u00e9at d&#039;un Oscar, est entour\\u00e9 de panneaux d&#039;affichage sur le th\\u00e8me de l&#039;oc\\u00e9an \\u00e0 Times Square, \\u00e0 New York. Bardem est \\u00e0 New York pour s&#039;adresser aux gouvernements du monde entier au si\\u00e8ge des Nations Unies sur l&#039;avenir de nos oc\\u00e9ans. \\u00a9 Jason Miczek \\\/ Greenpeace&quot;,&quot;focus_image&quot;:&quot;&quot;,&quot;credits&quot;:&quot;&quot;},{&quot;image_src&quot;:&quot;https:\\\/\\\/www.greenpeace.ch\\\/static\\\/planet4-switzerland-stateless\\\/2023\\\/06\\\/f3989924-gp0sttt6e.jpeg&quot;,&quot;image_srcset&quot;:&quot;https:\\\/\\\/www.greenpeace.ch\\\/static\\\/planet4-switzerland-stateless\\\/2023\\\/06\\\/f3989924-gp0sttt6e.jpeg 1200w, https:\\\/\\\/www.greenpeace.ch\\\/static\\\/planet4-switzerland-stateless\\\/2023\\\/06\\\/f3989924-gp0sttt6e-300x169.jpeg 300w, https:\\\/\\\/www.greenpeace.ch\\\/static\\\/planet4-switzerland-stateless\\\/2023\\\/06\\\/f3989924-gp0sttt6e-1024x576.jpeg 1024w, https:\\\/\\\/www.greenpeace.ch\\\/static\\\/planet4-switzerland-stateless\\\/2023\\\/06\\\/f3989924-gp0sttt6e-768x432.jpeg 768w, https:\\\/\\\/www.greenpeace.ch\\\/static\\\/planet4-switzerland-stateless\\\/2023\\\/06\\\/f3989924-gp0sttt6e-510x287.jpeg 510w&quot;,&quot;image_sizes&quot;:false,&quot;alt_text&quot;:&quot;130 b\\u00e9n\\u00e9voles Greenpeace MENA participent \\u00e0 la cr\\u00e9ation d&#039;une banni\\u00e8re humaine \\u00e0 Tanger, au Maroc, afin de transmettre au monde un message de protection de nos oc\\u00e9ans. Les b\\u00e9n\\u00e9voles entourent une installation artistique d&#039;une baleine fabriqu\\u00e9e \\u00e0 partir de 800 bouteilles en plastique usag\\u00e9es - une \\u0153uvre de l&#039;artiste Mokhtar Ghailan. \\u00a9 Radouan Akalay \\\/ Greenpeace&quot;,&quot;caption&quot;:&quot;130 b\\u00e9n\\u00e9voles Greenpeace MENA participent \\u00e0 la cr\\u00e9ation d&#039;une banni\\u00e8re humaine \\u00e0 Tanger, au Maroc, afin de transmettre au monde un message de protection de nos oc\\u00e9ans. Les b\\u00e9n\\u00e9voles entourent une installation artistique d&#039;une baleine fabriqu\\u00e9e \\u00e0 partir de 800 bouteilles en plastique usag\\u00e9es - une \\u0153uvre de l&#039;artiste Mokhtar Ghailan. \\u00a9 Radouan Akalay \\\/ Greenpeace&quot;,&quot;focus_image&quot;:&quot;&quot;,&quot;credits&quot;:&quot;&quot;}]}}\"><section class=\"block carousel-wrap \"><div class=\"carousel slide\"><div class=\"carousel-inner\" role=\"listbox\"><\/div><\/div><\/section><\/div>\n<h2 class=\"wp-block-heading\"><strong>Pourquoi le trait\u00e9 est-il important ?<\/strong><\/h2>\n\n<p>Les oc\u00e9ans ont besoin de notre aide. Ils traversent une crise caus\u00e9e par l\u2019exploitation humaine. Ils peuvent se r\u00e9tablir, mais seulement si nous leur laissons de l&rsquo;espace pour se reposer. C&rsquo;est pourquoi nous avons besoin de zones prot\u00e9g\u00e9es pour les oc\u00e9ans.<\/p>\n\n<p>L&rsquo;accord sur ce trait\u00e9 est un symbole fort qui montre que la protection de la nature peut triompher de la g\u00e9opolitique. Nous vivons dans un monde divis\u00e9, mais les pays sont parvenus \u00e0 se mettre d&rsquo;accord sur un texte de trait\u00e9 fort qui donne la priorit\u00e9 \u00e0 la protection des oc\u00e9ans plut\u00f4t qu&rsquo;\u00e0 leur exploitation.<\/p>\n\n<h2 class=\"wp-block-heading\"><strong>La prochaine \u00e9tape vers les zones prot\u00e9g\u00e9es : ratification<\/strong><\/h2>\n\n<p>Cependant, nous ne pourrons utiliser le trait\u00e9 pour r\u00e9aliser des aires marines prot\u00e9g\u00e9es que si les m\u00eames gouvernements qui ont approuv\u00e9 le texte le transposent dans leur l\u00e9gislation nationale &#8211; c&rsquo;est ce qu&rsquo;on appelle la ratification.<\/p>\n\n<p>Pour que le trait\u00e9 puisse entrer en vigueur, au moins 60 gouvernements doivent le ratifier. Et ce, en un temps record, afin de s\u2019assurer que l&rsquo;objectif 30\u00d730 puisse encore \u00eatre r\u00e9alisable. Cela signifie que le trait\u00e9 doit \u00eatre ratifi\u00e9 avant la conf\u00e9rence des Nations unies sur les oc\u00e9ans en 2025. Il restera alors cinq ans pour prot\u00e9ger 30% des oc\u00e9ans.<\/p>\n\n<p>D\u00e8s que le trait\u00e9 sera ratifi\u00e9, le dur travail pour la cr\u00e9ation des aires marines prot\u00e9g\u00e9es d\u00e9butera enfin. Il aura fallu beaucoup d\u2019efforts pour y parvenir, et le chemin est encore long. Mais, ensemble, nous pouvons assurer la protection des oc\u00e9ans.&nbsp;<\/p>\n\t\t\t<section\n\t\t\tclass=\"boxout  \"\n\t\t\t\n\t\t>\n\t\t\t<a\n\t\t\t\tdata-ga-category=\"Take Action Boxout\"\n\t\t\t\tdata-ga-action=\"Image\"\n\t\t\t\tdata-ga-label=\"n\/a\"\n\t\t\t\tclass=\"cover-card-overlay\"\n\t\t\t\thref=\"https:\/\/www.greenpeace.ch\/fr\/agir\/73003-revision-v1\/parrainage\/parrainage-oceans\/\" \n\t\t\t><\/a>\n\t\t\t\t\t\t\t<img\n\t\t\t\t\t\tsrc=\"https:\/\/www.greenpeace.ch\/static\/planet4-switzerland-stateless\/2019\/05\/739899b8-gp02k27_pressmedia-e1559136306686-1024x614.jpg\"\n\t\t\t\t\t\tsrcset=\"https:\/\/www.greenpeace.ch\/static\/planet4-switzerland-stateless\/2019\/05\/739899b8-gp02k27_pressmedia-e1559136306686-300x180.jpg 300w, https:\/\/www.greenpeace.ch\/static\/planet4-switzerland-stateless\/2019\/05\/739899b8-gp02k27_pressmedia-e1559136306686-768x461.jpg 768w, https:\/\/www.greenpeace.ch\/static\/planet4-switzerland-stateless\/2019\/05\/739899b8-gp02k27_pressmedia-e1559136306686-1024x614.jpg 1024w, https:\/\/www.greenpeace.ch\/static\/planet4-switzerland-stateless\/2019\/05\/739899b8-gp02k27_pressmedia-e1559136306686-2048x1229.jpg 2048w, https:\/\/www.greenpeace.ch\/static\/planet4-switzerland-stateless\/2019\/05\/739899b8-gp02k27_pressmedia-e1559136306686-510x306.jpg 510w\"\n\t\t\t\t\t\tsizes=\"(min-width: 1000px) 358px, (min-width: 780px) 313px, 88px\"\n\t\t\t\t\t\talt=\"\" title=\"\"\n\t\t\t\t\/>\n            \t\t\t<div class=\"boxout-content\">\n\t\t\t\t\t\t\t\t\t<a\n\t\t\t\t\t\tclass=\"boxout-heading medium\"\n\t\t\t\t\t\tdata-ga-category=\"Take Action Boxout\"\n\t\t\t\t\t\tdata-ga-action=\"Title\"\n\t\t\t\t\t\tdata-ga-label=\"n\/a\"\n\t\t\t\t\t\thref=\"https:\/\/www.greenpeace.ch\/fr\/agir\/73003-revision-v1\/parrainage\/parrainage-oceans\/\"\n\t\t\t\t\t\t\n\t\t\t\t\t>\n\t\t\t\t\t\tEnsemble pour la protection des oc\u00e9ans\n\t\t\t\t\t<\/a>\n\t\t\t\t\t\t\t\t                                    <a\n                        class=\"btn btn-primary\"\n                        data-ga-category=\"Take Action Boxout\"\n                        data-ga-action=\"Call to Action\"\n                        data-ga-label=\"n\/a\"\n                        href=\"https:\/\/www.greenpeace.ch\/fr\/agir\/73003-revision-v1\/parrainage\/parrainage-oceans\/\"\n                        \n                    >\n                        Souscrire \u00e0 un parrainage\n                    <\/a>\n                \t\t\t<\/div>\n\t\t\t\t\t<\/section>\n\t","protected":false},"excerpt":{"rendered":"<p>Cela a pris des d\u00e9cennies, mais nous disposons enfin d&rsquo;un trait\u00e9 mondial pour la protection de la haute mer. Ce trait\u00e9 est l&rsquo;instrument qui permettra de cr\u00e9er d&rsquo;ici 2030 de grandes zones prot\u00e9g\u00e9es couvrant au moins 30% des oc\u00e9ans. <\/p>\n","protected":false},"author":89,"featured_media":99692,"comment_status":"closed","ping_status":"closed","sticky":false,"template":"","format":"standard","meta":{"_acf_changed":false,"_planet4_optimize_post_is_variant":false,"_planet4_optimize_experiment_name":"","_planet4_optimize_variant_name":"","ep_exclude_from_search":false,"p4_og_title":"","p4_og_description":"","p4_og_image":"","p4_og_image_id":"","p4_seo_canonical_url":"","p4_campaign_name":"","p4_local_project":"","p4_basket_name":"","p4_department":"","footnotes":""},"categories":[22],"tags":[56],"p4-page-type":[77],"gpch-article-type":[],"class_list":["post-99701","post","type-post","status-publish","format-standard","has-post-thumbnail","hentry","category-non-classifiee","tag-oceans","p4-page-type-story-fr"],"acf":[],"_links":{"self":[{"href":"https:\/\/www.greenpeace.ch\/fr\/wp-json\/wp\/v2\/posts\/99701","targetHints":{"allow":["GET"]}}],"collection":[{"href":"https:\/\/www.greenpeace.ch\/fr\/wp-json\/wp\/v2\/posts"}],"about":[{"href":"https:\/\/www.greenpeace.ch\/fr\/wp-json\/wp\/v2\/types\/post"}],"author":[{"embeddable":true,"href":"https:\/\/www.greenpeace.ch\/fr\/wp-json\/wp\/v2\/users\/89"}],"replies":[{"embeddable":true,"href":"https:\/\/www.greenpeace.ch\/fr\/wp-json\/wp\/v2\/comments?post=99701"}],"version-history":[{"count":0,"href":"https:\/\/www.greenpeace.ch\/fr\/wp-json\/wp\/v2\/posts\/99701\/revisions"}],"wp:featuredmedia":[{"embeddable":true,"href":"https:\/\/www.greenpeace.ch\/fr\/wp-json\/wp\/v2\/media\/99692"}],"wp:attachment":[{"href":"https:\/\/www.greenpeace.ch\/fr\/wp-json\/wp\/v2\/media?parent=99701"}],"wp:term":[{"taxonomy":"category","embeddable":true,"href":"https:\/\/www.greenpeace.ch\/fr\/wp-json\/wp\/v2\/categories?post=99701"},{"taxonomy":"post_tag","embeddable":true,"href":"https:\/\/www.greenpeace.ch\/fr\/wp-json\/wp\/v2\/tags?post=99701"},{"taxonomy":"p4-page-type","embeddable":true,"href":"https:\/\/www.greenpeace.ch\/fr\/wp-json\/wp\/v2\/p4-page-type?post=99701"},{"taxonomy":"gpch-article-type","embeddable":true,"href":"https:\/\/www.greenpeace.ch\/fr\/wp-json\/wp\/v2\/gpch-article-type?post=99701"}],"curies":[{"name":"wp","href":"https:\/\/api.w.org\/{rel}","templated":true}]}}